{"id":21283,"date":"2020-03-11T14:47:43","date_gmt":"2020-03-11T17:47:43","guid":{"rendered":"http:\/\/www.blogdomassinha.com.br\/v1\/?p=21283"},"modified":"2020-03-11T14:47:43","modified_gmt":"2020-03-11T17:47:43","slug":"ricardo-babao-quer-voltar-para-camara-pelo-pcdob","status":"publish","type":"post","link":"https:\/\/www.blogdomassinha.com.br\/v1\/2020\/03\/11\/ricardo-babao-quer-voltar-para-camara-pelo-pcdob\/","title":{"rendered":"Ricardo Bab\u00e3o quer voltar para C\u00e2mara pelo PCdoB"},"content":{"rendered":"<p style=\"text-align: justify;\"><a href=\"http:\/\/www.blogdomassinha.com.br\/v1\/wp-content\/uploads\/2020\/03\/800_71155_sessao13_Fev_1981.jpg\" class=\"gallery_colorbox\"><img loading=\"lazy\" class=\"aligncenter size-medium wp-image-21285\" src=\"http:\/\/www.blogdomassinha.com.br\/v1\/wp-content\/uploads\/2020\/03\/800_71155_sessao13_Fev_1981-300x200.jpg\"  alt=\"800_71155_sessao13_Fev_1981\" width=\"300\" height=\"200\" srcset=\"https:\/\/www.blogdomassinha.com.br\/v1\/wp-content\/uploads\/2020\/03\/800_71155_sessao13_Fev_1981-300x200.jpg 300w, https:\/\/www.blogdomassinha.com.br\/v1\/wp-content\/uploads\/2020\/03\/800_71155_sessao13_Fev_1981.jpg 800w\" sizes=\"(max-width: 300px) 100vw, 300px\" \/><\/a><\/p>\n<p style=\"text-align: justify;\">Ele foi um dos principais defensores de Guilherme Menezes quando prefeito de Vit\u00f3ria da Conquista. No exerc\u00edcio do seu mandato, Bab\u00e3o foi um defensor intransigente da gest\u00e3o Guilhermista, mantendo n\u00e3o s\u00f3 um conv\u00edvio pol\u00edtico com o ex-prefeito, mas tamb\u00e9m uma rela\u00e7\u00e3o de estreita amizade.<br \/>\nGeograficamente, o ex-filiado ao PSL se distanciou de Guilherme, j\u00e1 que este mudou sua resid\u00eancia para Bras\u00edlia, no que resultou a aproxima\u00e7\u00e3o do falante pr\u00e9-candidato ao deputado Fabr\u00edcio Falc\u00e3o, pretenso candidato \u00e0 Prefeitura de Conquista.<!--more--><br \/>\nFiliado ao PCdoB, Bab\u00e3o faz pol\u00edtica o dia todo, as redes sociais \u00e9 um terreno que ele frequenta bem, \u00e9 ali que ele procura dialogar com a popula\u00e7\u00e3o e mostra-se um cr\u00edtico contundente da administra\u00e7\u00e3o municipal.<br \/>\nA disputa interna no Partido Comunista do Brasil ser\u00e1 acirrada. Al\u00e9m de Bab\u00e3o, Sabrina Portela, Andresson Oliveira, dentre outros, os atuais vereadores Nildma Ribeiro e Danilo Kiribamba j\u00e1 est\u00e3o em campo em busca de votos.<\/p>\n","protected":false},"excerpt":{"rendered":"<p>Ele foi um dos principais defensores de Guilherme Menezes quando prefeito de Vit\u00f3ria da Conquista. No exerc\u00edcio do seu mandato, Bab\u00e3o foi um defensor intransigente da gest\u00e3o Guilhermista, mantendo n\u00e3o s\u00f3 um conv\u00edvio pol\u00edtico com o ex-prefeito, mas tamb\u00e9m uma rela\u00e7\u00e3o de estreita amizade. Geograficamente, o ex-filiado ao PSL se distanciou de Guilherme, j\u00e1 que [&hellip;]<\/p>\n","protected":false},"author":3,"featured_media":21285,"comment_status":"open","ping_status":"open","sticky":false,"template":"","format":"standard","meta":[],"categories":[7,1,2],"tags":[],"_links":{"self":[{"href":"https:\/\/www.blogdomassinha.com.br\/v1\/wp-json\/wp\/v2\/posts\/21283"}],"collection":[{"href":"https:\/\/www.blogdomassinha.com.br\/v1\/wp-json\/wp\/v2\/posts"}],"about":[{"href":"https:\/\/www.blogdomassinha.com.br\/v1\/wp-json\/wp\/v2\/types\/post"}],"author":[{"embeddable":true,"href":"https:\/\/www.blogdomassinha.com.br\/v1\/wp-json\/wp\/v2\/users\/3"}],"replies":[{"embeddable":true,"href":"https:\/\/www.blogdomassinha.com.br\/v1\/wp-json\/wp\/v2\/comments?post=21283"}],"version-history":[{"count":1,"href":"https:\/\/www.blogdomassinha.com.br\/v1\/wp-json\/wp\/v2\/posts\/21283\/revisions"}],"predecessor-version":[{"id":21286,"href":"https:\/\/www.blogdomassinha.com.br\/v1\/wp-json\/wp\/v2\/posts\/21283\/revisions\/21286"}],"wp:featuredmedia":[{"embeddable":true,"href":"https:\/\/www.blogdomassinha.com.br\/v1\/wp-json\/wp\/v2\/media\/21285"}],"wp:attachment":[{"href":"https:\/\/www.blogdomassinha.com.br\/v1\/wp-json\/wp\/v2\/media?parent=21283"}],"wp:term":[{"taxonomy":"category","embeddable":true,"href":"https:\/\/www.blogdomassinha.com.br\/v1\/wp-json\/wp\/v2\/categories?post=21283"},{"taxonomy":"post_tag","embeddable":true,"href":"https:\/\/www.blogdomassinha.com.br\/v1\/wp-json\/wp\/v2\/tags?post=21283"}],"curies":[{"name":"wp","href":"https:\/\/api.w.org\/{rel}","templated":true}]}}