{"id":21185,"date":"2020-03-05T16:13:45","date_gmt":"2020-03-05T19:13:45","guid":{"rendered":"http:\/\/www.blogdomassinha.com.br\/v1\/?p=21185"},"modified":"2020-03-05T16:13:45","modified_gmt":"2020-03-05T19:13:45","slug":"leitor-discorda-do-que-escrevemos-sobre-o-duplica-sudoeste","status":"publish","type":"post","link":"https:\/\/www.blogdomassinha.com.br\/v1\/2020\/03\/05\/leitor-discorda-do-que-escrevemos-sobre-o-duplica-sudoeste\/","title":{"rendered":"Leitor discorda do que escrevemos sobre o Duplica Sudoeste"},"content":{"rendered":"<p style=\"text-align: justify;\"><a href=\"http:\/\/www.blogdomassinha.com.br\/v1\/wp-content\/uploads\/2020\/03\/0174AD99-3585-4EC9-94BD-49E20EBA744F.jpeg\" class=\"gallery_colorbox\"><img loading=\"lazy\" class=\"aligncenter size-medium wp-image-21186\" src=\"http:\/\/www.blogdomassinha.com.br\/v1\/wp-content\/uploads\/2020\/03\/0174AD99-3585-4EC9-94BD-49E20EBA744F-300x153.jpeg\"  alt=\"0174AD99-3585-4EC9-94BD-49E20EBA744F\" width=\"300\" height=\"153\" srcset=\"https:\/\/www.blogdomassinha.com.br\/v1\/wp-content\/uploads\/2020\/03\/0174AD99-3585-4EC9-94BD-49E20EBA744F-300x153.jpeg 300w, https:\/\/www.blogdomassinha.com.br\/v1\/wp-content\/uploads\/2020\/03\/0174AD99-3585-4EC9-94BD-49E20EBA744F.jpeg 651w\" sizes=\"(max-width: 300px) 100vw, 300px\" \/><\/a><\/p>\n<p style=\"text-align: justify;\">Fizemos uma mat\u00e9ria e postamos no nosso blog discorrendo sobre a import\u00e2ncia do movimento que a cidade trava no sentido de duplicar a Rio Bahia e que est\u00e1 sob a responsabilidade da Via Bahia.<br \/>\nEle prefere n\u00e3o se identificar para o p\u00fablico, opta por ficar no anonimato, e quando perguntei-lhe se poderia publicar o seu coment\u00e1rio e dar-lhe o cr\u00e9dito ele respondeu: \u201cn\u00e3o, n\u00e3o h\u00e1 necessidade, \u00e9 apenas um coment\u00e1rio que sirva para sua reflex\u00e3o. Leio assiduamente o seu blog, mas prefiro o anonimato\u201d, segue o coment\u00e1rio do nosso colaborador oculto:<!--more--><\/p>\n<p style=\"text-align: justify;\">&#8220;Boa Noite Companheiro !<br \/>\nLi , no seu Blog , o texto que voc\u00ea fez sobre o movimento mobilizando \u00e0 popula\u00e7\u00e3o de Conquista e regi\u00e3o para pressionar a Via Bahia, concession\u00e1ria respons\u00e1vel pela manuten\u00e7\u00e3o e duplica\u00e7\u00e3o da Br116 , trecho Feira de Santana a Divisa Bahia Bahia\/Minas.<br \/>\nConfesso que discordo de voc\u00ea quando enaltece a pujan\u00e7a do nosso munic\u00edpio atribuindo este fato a pessoas que embora sejam todas de valores indiscut\u00edveis, tanto do lado pol\u00edtico, cultural , econ\u00f4mico , hist\u00f3rico e social . O contexto que permitiu tornar a nossa cidade ser destaques tanto no cen\u00e1rio nacional e estadual est\u00e1 linkado a transforma\u00e7\u00e3o por que passou determinadas regi\u00f5es, especialmente no Nordeste, quando movimento locais direcionaram o desenvolvimento regional para as voca\u00e7\u00f5es naturais dos munic\u00edpios, atraindo muito que n\u00e3o faziam partes de fam\u00edlias tradicionais , sendo estes , hoje, os que mais representam , o valor econ\u00f4mico da nossa cidade e regi\u00e3o.<br \/>\nSem d\u00favida nenhuma, a implanta\u00e7\u00e3o da Uesb , foi a G\u00eanese para o nosso desenvolvimento , permitindo a inser\u00e7\u00e3o de grande parte da nossa popula\u00e7\u00e3o no mundo acad\u00eamico, diminuindo em muito a dist\u00e2ncia entre o saber e o desconhecido, antes s\u00f3 permitido a poucos .<br \/>\nAssim Massinha, a vis\u00e3o hol\u00edstica que tenho deste fen\u00f4meno que nos tornou esta for\u00e7a econ\u00f4mica e social \u00e9 a que deve estar presente em Bras\u00edlia para mostrar ao Governo Federal o desrespeito com que a Via Bahia descumpre a bastante tempo o Contrato de Concess\u00e3o.<br \/>\nEntenda que a minha discord\u00e2ncia sobre a sua viagem voltando ao tempo, lembrando pessoas que tiveram presen\u00e7a na nossa cidade, em nada representa um preconceito as mesmas .<br \/>\nO tema levantado por voc\u00ea tem uma relev\u00e2ncia importante para nossa cidade e , por assim ser deve ser tratado dentro da realidade atual, ficando para o pret\u00e9rito as hist\u00f3rias que conhecemos de todos aqueles citados por voc\u00ea.<br \/>\nUm forte abra\u00e7o! Sou seu admirador e gostaria de registrar esta observa\u00e7\u00e3o!&#8221;<\/p>\n","protected":false},"excerpt":{"rendered":"<p>Fizemos uma mat\u00e9ria e postamos no nosso blog discorrendo sobre a import\u00e2ncia do movimento que a cidade trava no sentido de duplicar a Rio Bahia e que est\u00e1 sob a responsabilidade da Via Bahia. Ele prefere n\u00e3o se identificar para o p\u00fablico, opta por ficar no anonimato, e quando perguntei-lhe se poderia publicar o seu [&hellip;]<\/p>\n","protected":false},"author":3,"featured_media":21186,"comment_status":"open","ping_status":"open","sticky":false,"template":"","format":"standard","meta":[],"categories":[7,1],"tags":[],"_links":{"self":[{"href":"https:\/\/www.blogdomassinha.com.br\/v1\/wp-json\/wp\/v2\/posts\/21185"}],"collection":[{"href":"https:\/\/www.blogdomassinha.com.br\/v1\/wp-json\/wp\/v2\/posts"}],"about":[{"href":"https:\/\/www.blogdomassinha.com.br\/v1\/wp-json\/wp\/v2\/types\/post"}],"author":[{"embeddable":true,"href":"https:\/\/www.blogdomassinha.com.br\/v1\/wp-json\/wp\/v2\/users\/3"}],"replies":[{"embeddable":true,"href":"https:\/\/www.blogdomassinha.com.br\/v1\/wp-json\/wp\/v2\/comments?post=21185"}],"version-history":[{"count":1,"href":"https:\/\/www.blogdomassinha.com.br\/v1\/wp-json\/wp\/v2\/posts\/21185\/revisions"}],"predecessor-version":[{"id":21187,"href":"https:\/\/www.blogdomassinha.com.br\/v1\/wp-json\/wp\/v2\/posts\/21185\/revisions\/21187"}],"wp:featuredmedia":[{"embeddable":true,"href":"https:\/\/www.blogdomassinha.com.br\/v1\/wp-json\/wp\/v2\/media\/21186"}],"wp:attachment":[{"href":"https:\/\/www.blogdomassinha.com.br\/v1\/wp-json\/wp\/v2\/media?parent=21185"}],"wp:term":[{"taxonomy":"category","embeddable":true,"href":"https:\/\/www.blogdomassinha.com.br\/v1\/wp-json\/wp\/v2\/categories?post=21185"},{"taxonomy":"post_tag","embeddable":true,"href":"https:\/\/www.blogdomassinha.com.br\/v1\/wp-json\/wp\/v2\/tags?post=21185"}],"curies":[{"name":"wp","href":"https:\/\/api.w.org\/{rel}","templated":true}]}}