{"id":1806,"date":"2016-02-26T07:06:38","date_gmt":"2016-02-26T10:06:38","guid":{"rendered":"http:\/\/www.blogdomassinha.com.br\/v1\/?p=1806"},"modified":"2016-02-27T21:33:30","modified_gmt":"2016-02-28T00:33:30","slug":"curtinhas-da-politica-26022016","status":"publish","type":"post","link":"https:\/\/www.blogdomassinha.com.br\/v1\/2016\/02\/26\/curtinhas-da-politica-26022016\/","title":{"rendered":"Curtinhas da pol\u00edtica \u2013 (26\/02\/2016)"},"content":{"rendered":"<p><img src=\"http:\/\/i.imgur.com\/UNIBQ1f.jpg\" alt=\"acrilux\" \/><\/p>\n<p><img class=\"wp-image-1679 aligncenter\" src=\"http:\/\/www.blogdomassinha.com.br\/v1\/wp-content\/uploads\/2016\/02\/curtinhas.jpg\" alt=\"curtinhas\" width=\"543\" srcset=\"https:\/\/www.blogdomassinha.com.br\/v1\/wp-content\/uploads\/2016\/02\/curtinhas.jpg 595w, https:\/\/www.blogdomassinha.com.br\/v1\/wp-content\/uploads\/2016\/02\/curtinhas-300x114.jpg 300w\" sizes=\"(max-width: 595px) 100vw, 595px\" \/><\/p>\n<p style=\"text-align: justify;\">Come\u00e7aram os servi\u00e7os de limpeza das ruas pr\u00f3ximas ao Parque de Exposi\u00e7\u00e3o. Com a proximidade da festa a cidade se prepara. Todos os setores envolvidos, como Prefeitura Municipal, Pol\u00edcia Militar, Corpo de Bombeiros e Minist\u00e9rio P\u00fablico se juntam a diretoria da COOPMAC e selam o compromisso de realizar uma grande festa.<!--more--><\/p>\n<p style=\"text-align: justify;\"><strong>xxxxx<\/strong><\/p>\n<p style=\"text-align: justify;\">Albene Silveira, amigo pessoal de Jaymiltinho e bastante conhecedor da boa m\u00fasica, mais uma vez foi convidado a formar a grade de atra\u00e7\u00f5es que vai se apresentar para o p\u00fablico que frequenta as instala\u00e7\u00f5es do Parque de Exposi\u00e7\u00f5es.<\/p>\n<p style=\"text-align: justify;\"><strong>xxxxx<\/strong><\/p>\n<p style=\"text-align: justify;\">Hoje mesmo j\u00e1 vimos uma das atra\u00e7\u00f5es exposta nos outdoors espalhados pela cidade anunciando a festa. Trata-se de Geraldo Azevedo, renomado artista da MPB. Os ingressos para ter acesso aos shows e visitar os stands dever\u00e3o custar cinco reais, mesmo valor do ano passado.<\/p>\n<p style=\"text-align: justify;\"><strong>xxxxx<\/strong><\/p>\n<p style=\"text-align: justify;\">Encontrei-me circulando pela Pra\u00e7a do Gil o secret\u00e1rio de Administra\u00e7\u00e3o, M\u00e1rcio Higino. M\u00e1rcio se licenciou da prefeitura logo ap\u00f3s o Natal para tratamento de sa\u00fade. J\u00e1 est\u00e1 tudo bem, em breve retorna ao trabalho. Perguntei-lhe, e a sucess\u00e3o? &#8220;Estamos acreditando em Odir, mas vamos estar unidos para ganhar as elei\u00e7\u00f5es&#8221;.<\/p>\n<p style=\"text-align: justify;\"><strong>xxxxx<\/strong><\/p>\n<p style=\"text-align: justify;\">O Partido Verde esteve fora da m\u00eddia, mas j\u00e1 hav\u00edamos adiantado que n\u00e3o demoraria e a turma do PV daria as caras. E foi o que aconteceu. M\u00e3o Branca esteve circulando por diversas cidades da regi\u00e3o onde pretende lan\u00e7ar candidaturas a prefeito.<\/p>\n<p style=\"text-align: justify;\"><strong>xxxxx<\/strong><\/p>\n<p style=\"text-align: justify;\">Em nossa cidade \u00e9 o pr\u00f3prio M\u00e3o Branca que vai disputar o direito de governar Conquista a partir de janeiro de 2017. Em Anag\u00e9 tamb\u00e9m j\u00e1 tem candidatura certa. O mesmo acontecer\u00e1 em Itapetinga.<\/p>\n<p style=\"text-align: justify;\"><strong>xxxxx<\/strong><\/p>\n<p style=\"text-align: justify;\">O Grupo 100% Oposi\u00e7\u00e3o est\u00e1 liderando um movimento para aderir aos protestos que ocorrer\u00e3o em todo o Brasil no pr\u00f3ximo dia 13 de mar\u00e7o.<\/p>\n<p style=\"text-align: justify;\"><strong>xxxxx<\/strong><\/p>\n<p style=\"text-align: justify;\">Romilson, do Grupo Independente, j\u00e1 est\u00e1 em Salvador, onde participa de uma s\u00e9rie de reuni\u00f5es pol\u00edticas. Ele veio de Bras\u00edlia, na capital federal tamb\u00e9m esteve atuando na mesma \u00e1rea.<\/p>\n<p style=\"text-align: justify;\"><strong>xxxxx<\/strong><\/p>\n<p style=\"text-align: justify;\">Quem esteve no aeroporto recepcionando o deputado Herzem foi o ex-secret\u00e1rio de sa\u00fade de Pedral, Dr. Uagnes. Faz tempo que o via. Est\u00e1 inteiro, firme. Pol\u00edtica \u00e9 interessante, ningu\u00e9m deixa.<\/p>\n<p style=\"text-align: justify;\"><strong>xxxxx<\/strong><\/p>\n<p style=\"text-align: justify;\">Do PSDB e candidatos a vereador, estiveram presentes Ivan Cordeiro e Bibia. Edvaldo Ferreira e Jos\u00e9 Wiliams s\u00e3o dois dos mais antigos vereadores do PMDB. Encabe\u00e7aram a lista de presen\u00e7as. Ali\u00e1s, Jos\u00e9 Williams, vereador por diversos mandatos, ainda tem disposi\u00e7\u00e3o e votos para se candidatar, n\u00e3o o faz porque decidiu ser rec\u00edproco ao amigo Gilmar Ferraz, vai apoiar o sindicalista que tanto apoio lhe dera em elei\u00e7\u00f5es passadas, Ontem pela manh\u00e3 encontrei os dois no Sindicato dos Comerci\u00e1rios confabulando sobre a sucess\u00e3o.<\/p>\n<p style=\"text-align: justify;\"><strong>xxxxx<\/strong><\/p>\n<p style=\"text-align: justify;\">O Conquista foi a Ilh\u00e9us e no Est\u00e1dio Mario Pessoa abateu a equipe do Flamengo do Piau\u00ed por 3 x 0. O presidente Ederlane est\u00e1 feliz com os resultados alcan\u00e7ados na competi\u00e7\u00e3o e mais ainda pela not\u00edcia dada pela Federa\u00e7\u00e3o Baiana de Futebol que o pr\u00f3ximo jogo ser\u00e1 no Lomant\u00e3o contra o Sampaio Correia. A prefeitura garantiu entregar o Est\u00e1dio.<\/p>\n<p style=\"text-align: justify;\"><strong>xxxxx<\/strong><\/p>\n<p style=\"text-align: justify;\">A Rede nos informou que j\u00e1 tem a resposta do convidado a disputar as elei\u00e7\u00f5es pelo partido. Ser\u00e1 entregue oficialmente, protocolado. Os membros da Rede j\u00e1 sabem. Vou aproveitar e declinar o nome do ilustre convidado trata-se do advogado Rui Medeiros.<\/p>\n","protected":false},"excerpt":{"rendered":"<p>Come\u00e7aram os servi\u00e7os de limpeza das ruas pr\u00f3ximas ao Parque de Exposi\u00e7\u00e3o. Com a proximidade da festa a cidade se prepara. Todos os setores envolvidos, como Prefeitura Municipal, Pol\u00edcia Militar, Corpo de Bombeiros e Minist\u00e9rio P\u00fablico se juntam a diretoria da COOPMAC e selam o compromisso de realizar uma grande festa.<\/p>\n","protected":false},"author":1,"featured_media":1679,"comment_status":"open","ping_status":"open","sticky":false,"template":"","format":"standard","meta":[],"categories":[7,1,2],"tags":[824,615,613,825,823,222,45,753,474,46,125,179,752,68,221,562,617,15],"_links":{"self":[{"href":"https:\/\/www.blogdomassinha.com.br\/v1\/wp-json\/wp\/v2\/posts\/1806"}],"collection":[{"href":"https:\/\/www.blogdomassinha.com.br\/v1\/wp-json\/wp\/v2\/posts"}],"about":[{"href":"https:\/\/www.blogdomassinha.com.br\/v1\/wp-json\/wp\/v2\/types\/post"}],"author":[{"embeddable":true,"href":"https:\/\/www.blogdomassinha.com.br\/v1\/wp-json\/wp\/v2\/users\/1"}],"replies":[{"embeddable":true,"href":"https:\/\/www.blogdomassinha.com.br\/v1\/wp-json\/wp\/v2\/comments?post=1806"}],"version-history":[{"count":4,"href":"https:\/\/www.blogdomassinha.com.br\/v1\/wp-json\/wp\/v2\/posts\/1806\/revisions"}],"predecessor-version":[{"id":1839,"href":"https:\/\/www.blogdomassinha.com.br\/v1\/wp-json\/wp\/v2\/posts\/1806\/revisions\/1839"}],"wp:featuredmedia":[{"embeddable":true,"href":"https:\/\/www.blogdomassinha.com.br\/v1\/wp-json\/wp\/v2\/media\/1679"}],"wp:attachment":[{"href":"https:\/\/www.blogdomassinha.com.br\/v1\/wp-json\/wp\/v2\/media?parent=1806"}],"wp:term":[{"taxonomy":"category","embeddable":true,"href":"https:\/\/www.blogdomassinha.com.br\/v1\/wp-json\/wp\/v2\/categories?post=1806"},{"taxonomy":"post_tag","embeddable":true,"href":"https:\/\/www.blogdomassinha.com.br\/v1\/wp-json\/wp\/v2\/tags?post=1806"}],"curies":[{"name":"wp","href":"https:\/\/api.w.org\/{rel}","templated":true}]}}