{"id":1728,"date":"2016-02-22T14:07:02","date_gmt":"2016-02-22T17:07:02","guid":{"rendered":"http:\/\/www.blogdomassinha.com.br\/v1\/?p=1728"},"modified":"2016-02-22T14:07:02","modified_gmt":"2016-02-22T17:07:02","slug":"50-anos-de-exposicao-uma-festa","status":"publish","type":"post","link":"https:\/\/www.blogdomassinha.com.br\/v1\/2016\/02\/22\/50-anos-de-exposicao-uma-festa\/","title":{"rendered":"50 anos de Exposi\u00e7\u00e3o: uma festa!"},"content":{"rendered":"<p style=\"text-align: justify;\"><a href=\"http:\/\/www.blogdomassinha.com.br\/v1\/wp-content\/uploads\/2016\/01\/DSC_0674.jpg\" class=\"gallery_colorbox\"><img loading=\"lazy\" class=\"aligncenter size-full wp-image-1484\" src=\"http:\/\/www.blogdomassinha.com.br\/v1\/wp-content\/uploads\/2016\/01\/DSC_0674.jpg\"  alt=\"DSC_0674\" width=\"450\" height=\"300\" srcset=\"https:\/\/www.blogdomassinha.com.br\/v1\/wp-content\/uploads\/2016\/01\/DSC_0674.jpg 450w, https:\/\/www.blogdomassinha.com.br\/v1\/wp-content\/uploads\/2016\/01\/DSC_0674-300x200.jpg 300w\" sizes=\"(max-width: 450px) 100vw, 450px\" \/><\/a><\/p>\n<p style=\"text-align: justify;\">No pr\u00f3ximo dia 11 de mar\u00e7o Vit\u00f3ria da Conquista vai sediar a sua principal festa, a mais tradicional, a mais plural de todas que fazem parte do vasto calend\u00e1rio comemorativo da capital do Sudoeste da Bahia. <!--more-->A COOPMAC, entidade que promove o evento, vem se preparando desde o t\u00e9rmino da Exposi\u00e7\u00e3o de 2015, dado a import\u00e2ncia do acontecimento j\u00e1 que ser\u00e3o comemorados 50 anos de realiza\u00e7\u00e3o.<br \/>\nA ExpoConquista \u00e9 um misto de neg\u00f3cios, cultura e entretenimento. A cidade vibra quando a festa se aproxima, \u00e9 motivo de alegria para todos. Desde o m\u00eas de dezembro que o presidente da COOPMAC e sua diretoria experimentam o sucesso antecipado da Exposi\u00e7\u00e3o. Stands vendidos, baias esgotadas, leil\u00f5es convidativos, parque de divers\u00f5es, enfim, vai come\u00e7ar a maior e melhor Exposi\u00e7\u00e3o Agropecu\u00e1ria e Feira de Neg\u00f3cios do estado da Bahia. De 11 a 20 de mar\u00e7o, Conquista n\u00e3o vai parar, vai cada vez mais pra frente.<\/p>\n","protected":false},"excerpt":{"rendered":"<p>No pr\u00f3ximo dia 11 de mar\u00e7o Vit\u00f3ria da Conquista vai sediar a sua principal festa, a mais tradicional, a mais plural de todas que fazem parte do vasto calend\u00e1rio comemorativo da capital do Sudoeste da Bahia.<\/p>\n","protected":false},"author":3,"featured_media":1484,"comment_status":"open","ping_status":"open","sticky":false,"template":"","format":"standard","meta":[],"categories":[7,3,1],"tags":[615,818,671,735,15],"_links":{"self":[{"href":"https:\/\/www.blogdomassinha.com.br\/v1\/wp-json\/wp\/v2\/posts\/1728"}],"collection":[{"href":"https:\/\/www.blogdomassinha.com.br\/v1\/wp-json\/wp\/v2\/posts"}],"about":[{"href":"https:\/\/www.blogdomassinha.com.br\/v1\/wp-json\/wp\/v2\/types\/post"}],"author":[{"embeddable":true,"href":"https:\/\/www.blogdomassinha.com.br\/v1\/wp-json\/wp\/v2\/users\/3"}],"replies":[{"embeddable":true,"href":"https:\/\/www.blogdomassinha.com.br\/v1\/wp-json\/wp\/v2\/comments?post=1728"}],"version-history":[{"count":1,"href":"https:\/\/www.blogdomassinha.com.br\/v1\/wp-json\/wp\/v2\/posts\/1728\/revisions"}],"predecessor-version":[{"id":1729,"href":"https:\/\/www.blogdomassinha.com.br\/v1\/wp-json\/wp\/v2\/posts\/1728\/revisions\/1729"}],"wp:featuredmedia":[{"embeddable":true,"href":"https:\/\/www.blogdomassinha.com.br\/v1\/wp-json\/wp\/v2\/media\/1484"}],"wp:attachment":[{"href":"https:\/\/www.blogdomassinha.com.br\/v1\/wp-json\/wp\/v2\/media?parent=1728"}],"wp:term":[{"taxonomy":"category","embeddable":true,"href":"https:\/\/www.blogdomassinha.com.br\/v1\/wp-json\/wp\/v2\/categories?post=1728"},{"taxonomy":"post_tag","embeddable":true,"href":"https:\/\/www.blogdomassinha.com.br\/v1\/wp-json\/wp\/v2\/tags?post=1728"}],"curies":[{"name":"wp","href":"https:\/\/api.w.org\/{rel}","templated":true}]}}