{"id":1693,"date":"2016-02-19T11:02:24","date_gmt":"2016-02-19T14:02:24","guid":{"rendered":"http:\/\/www.blogdomassinha.com.br\/v1\/?p=1693"},"modified":"2016-02-19T11:02:24","modified_gmt":"2016-02-19T14:02:24","slug":"curtinhas-da-politica-19022016","status":"publish","type":"post","link":"https:\/\/www.blogdomassinha.com.br\/v1\/2016\/02\/19\/curtinhas-da-politica-19022016\/","title":{"rendered":"Curtinhas da pol\u00edtica &#8211; (19\/02\/2016)"},"content":{"rendered":"<p><img loading=\"lazy\" class=\"alignnone  wp-image-1679\" src=\"http:\/\/www.blogdomassinha.com.br\/v1\/wp-content\/uploads\/2016\/02\/curtinhas.jpg\" alt=\"curtinhas\" width=\"543\" height=\"207\" srcset=\"https:\/\/www.blogdomassinha.com.br\/v1\/wp-content\/uploads\/2016\/02\/curtinhas.jpg 595w, https:\/\/www.blogdomassinha.com.br\/v1\/wp-content\/uploads\/2016\/02\/curtinhas-300x114.jpg 300w\" sizes=\"(max-width: 543px) 100vw, 543px\" \/><\/p>\n<p>Hoje pela manh\u00e3 acontecem duas conversas importantes na pol\u00edtica conquistense. Na Pra\u00e7a Joaquim Correia, dois secret\u00e1rios muito ligados ao prefeito estar\u00e3o discutindo uma agenda pol\u00edtica e administrativa. A sucess\u00e3o \u00e9 o prato do dia, claro.<\/p>\n<p><strong>xxxxx<\/strong><\/p>\n<p>Os \u00faltimos acontecimentos pol\u00edticos em nossa cidade, frutos da turbul\u00eancia partid\u00e1ria no pa\u00eds, mudam as agendas j\u00e1 abarrotadas de problemas dos nossos l\u00edderes. O que ainda vai passar de \u00e1gua por debaixo da ponte, n\u00e3o est\u00e1 escrito.<\/p>\n<p><!--more--><\/p>\n<p><strong>xxxxx<\/strong><\/p>\n<p>A outra reuni\u00e3o acontecer\u00e1 em um escrit\u00f3rio nas proximidades do F\u00f3rum. A pauta \u00e9 de uma import\u00e2ncia que voc\u00eas nem imaginam. Desta reuni\u00e3o ser\u00e1 definida uma data, bem pr\u00f3xima, para um grupo ir \u00e0 Salvador e definir uma pend\u00eancia que vai mexer com os \u00e2nimos da capital do sudoeste baiano.<\/p>\n<p><strong>xxxxx<\/strong><\/p>\n<p>Olhe, quem estiver dirigindo partido pol\u00edtico no Brasil, sob a condi\u00e7\u00e3o de Comiss\u00e3o Provis\u00f3ria, deixe as barbas de molho. Sofre uma &#8220;canetada&#8221; a qualquer momento. Segue e obedece o humor dos &#8220;donos&#8221; dos partidos quem tem ju\u00edzo. N\u00e3o tente desobedecer. N\u00e3o tente ter vida pr\u00f3pria. O seu cargo vale menos que o do t\u00e9cnico de futebol perde na hora.<\/p>\n<p><strong>xxxxx<\/strong><\/p>\n<p>Lucimar Cruz, uma das pol\u00edticas mais atuantes da nova gera\u00e7\u00e3o de mulheres de Conquista, sofrer\u00e1 uma interven\u00e7\u00e3o cirurgica no pr\u00f3ximo s\u00e1bado, amanh\u00e3, portanto, Ela passa o bast\u00e3o de titular do cargo do PSDB Mulher, para a colega Marilia Figueira que \u00e9 candidata a vereadora e com total capacidade para ocupar a pasta.<\/p>\n<p><strong>xxxxx<\/strong><\/p>\n<p>Lucimar est\u00e1 bastante feliz e agradecida aos amigos que lhe prestaram solidariedade com palavras, carinho e, principalmente, doando sangue. Lu, como \u00e9 carinhosamente tratada pelos mais pr\u00f3ximos, avisa que logo, logo volta ao batente.<\/p>\n<p><strong>xxxxx<\/strong><\/p>\n<p>A chuva caiu intensamente sobre a cidade e com isso a vegeta\u00e7\u00e3o rasteira cresce muito rapidamente. A grama, inclusive, \u00e9 o que mais aparece. Muitas pessoas pedindo \u00e0 prefeitura para dentro do poss\u00edvel, prestar aten\u00e7\u00e3o nesse quesito, principalmente nas pra\u00e7as da cidade.<\/p>\n<p><strong>xxxxx<\/strong><\/p>\n<p>Tamb\u00e9m reiteramos aqui a necessidade de transferir os servi\u00e7os das Auto Escola, que diariamente s\u00e3o realizados em frente ao Bosque para a \u00e1rea livre em frente ao Lomant\u00e3o. L\u00e1 \u00e9 muito maior e n\u00e3o atrapalha o tr\u00e2nsito. Ressaltamos que os servi\u00e7os s\u00e3o indispensaveis aos futuros motoristas.<\/p>\n<p><strong>xxxxx<\/strong><\/p>\n<p>Vale relembrar aqui tamb\u00e9m, os pedidos, centenas, da popula\u00e7\u00e3o, para ser instalado um sem\u00e1foro no cruzamento da Avenida Jorge Teixeira com a Avenida Brasil. Ali j\u00e1 aconteceram v\u00e1rios acidentes e os motoristas ao trafegarem por ali ficam em p\u00e2nico.<\/p>\n<p><strong>xxxxx<\/strong><\/p>\n<p>O presidente da Coopmac, Jaymilton Gusm\u00e3o juntamente com a sua diretoria, vibra com o sucesso da Exposi\u00e7\u00e3o que ser\u00e1 aberta no pr\u00f3ximo dia 11 de mar\u00e7o e se prolongar\u00e1 at\u00e9 o dia 20. Leil\u00f5es, neg\u00f3cios, restaurantes, parque shows, Feira Sebrae, tudo \u00e9 motivo de alegria. A Exposi\u00e7\u00e3o de Vit\u00f3ria da Conquista \u00e9 a mais importante do estado da Bahia, tem car\u00e1ter nacional e por isso mesmoatrai gente de todos os cantos do pa\u00eds.<\/p>\n<p><strong>xxxxx<\/strong><\/p>\n<p>A Rede que tem a frente Marina Silva, vem se reunindo constantemente com diversos representantes dos segmentos sociais da cidade, visando se constituir na grande op\u00e7\u00e3o eleitoral nas pr\u00f3ximas elei\u00e7\u00f5es. A turma n\u00e3o tem pressa, n\u00e3o quer fazer a trancos e barrancos. N\u00e3o se trata de ser &#8220;exclusivos&#8221;, &#8220;queremos evitar os v\u00edcios de outros partidos, encher a cesta de frutas sem crit\u00e9rios. Queremos buscar e acolher os nomes mais saud\u00e1veis poss\u00edveis. Somos humanos, mas queremos errar menos&#8221;.<\/p>\n<p><strong>xxxxx<\/strong><\/p>\n<p>At\u00e9 a pr\u00f3xima quarta feira a Rede recebe uma resposta importante para as suas pretens\u00f5es. A partir da\u00ed ser\u00e1 dada a largada definitiva rumo a sucess\u00e3o municipal. Um dos nomes mais probos e conceitual da pol\u00edtica e da atividade profissional da cidade vai sentar com a Rede. E vai balan\u00e7ar. Quinta feira eu conto. Eu j\u00e1 sei. Mas as coisas devem ser contadas em doses homeopaticas.<\/p>\n<p><strong>xxxxx<\/strong><\/p>\n<p>Encontrei-me com Ta\u00eds Gusm\u00e3o no Hospital S\u00e3o Geraldo, ela \u00e9 profissional da \u00e1rea m\u00e9dica. Simp\u00e1tica e competente. Falou da campanha do pai, H\u00e9rzem. Ela \u00e9 vigilante. Cuidadosa. Freia quando necess\u00e1rio. E ele ouve, afirma Tais. Mas tamb\u00e9m garante que o candidato est\u00e1 focado na sua candidatura. Sabe do compromisso e da responsabilidade que \u00e9 dirigir uma cidade do tamanho de Vit\u00f3ria da Conquista.<\/p>\n<p><strong>xxxxx<\/strong><\/p>\n<p>Um encontro inusitado ontem a noite no Super Mercado Santo Antonio. Carlos Teles, secret\u00e1rio do Meio Ambiente, torcedor do Bahia e Demilson, ex goleiro do Vit\u00f3ria. Eu ouvi a conversa. Foi tranquila. Carlos queria que Demilson tivesse jogado pelo Vit\u00f3ria e Demilson queria que Carlos tivesse influenciado na sua ida para o Bahia. Ficou empate.<\/p>\n","protected":false},"excerpt":{"rendered":"<p>Hoje pela manh\u00e3 acontecem duas conversas importantes na pol\u00edtica conquistense. Na Pra\u00e7a Joaquim Correia, dois secret\u00e1rios muito ligados ao prefeito estar\u00e3o discutindo uma agenda pol\u00edtica e administrativa. A sucess\u00e3o \u00e9 o prato do dia, claro. xxxxx Os \u00faltimos acontecimentos pol\u00edticos em nossa cidade, frutos da turbul\u00eancia partid\u00e1ria no pa\u00eds, mudam as agendas j\u00e1 abarrotadas de [&hellip;]<\/p>\n","protected":false},"author":1,"featured_media":1679,"comment_status":"open","ping_status":"open","sticky":false,"template":"","format":"standard","meta":[],"categories":[7,1,2],"tags":[],"_links":{"self":[{"href":"https:\/\/www.blogdomassinha.com.br\/v1\/wp-json\/wp\/v2\/posts\/1693"}],"collection":[{"href":"https:\/\/www.blogdomassinha.com.br\/v1\/wp-json\/wp\/v2\/posts"}],"about":[{"href":"https:\/\/www.blogdomassinha.com.br\/v1\/wp-json\/wp\/v2\/types\/post"}],"author":[{"embeddable":true,"href":"https:\/\/www.blogdomassinha.com.br\/v1\/wp-json\/wp\/v2\/users\/1"}],"replies":[{"embeddable":true,"href":"https:\/\/www.blogdomassinha.com.br\/v1\/wp-json\/wp\/v2\/comments?post=1693"}],"version-history":[{"count":1,"href":"https:\/\/www.blogdomassinha.com.br\/v1\/wp-json\/wp\/v2\/posts\/1693\/revisions"}],"predecessor-version":[{"id":1694,"href":"https:\/\/www.blogdomassinha.com.br\/v1\/wp-json\/wp\/v2\/posts\/1693\/revisions\/1694"}],"wp:featuredmedia":[{"embeddable":true,"href":"https:\/\/www.blogdomassinha.com.br\/v1\/wp-json\/wp\/v2\/media\/1679"}],"wp:attachment":[{"href":"https:\/\/www.blogdomassinha.com.br\/v1\/wp-json\/wp\/v2\/media?parent=1693"}],"wp:term":[{"taxonomy":"category","embeddable":true,"href":"https:\/\/www.blogdomassinha.com.br\/v1\/wp-json\/wp\/v2\/categories?post=1693"},{"taxonomy":"post_tag","embeddable":true,"href":"https:\/\/www.blogdomassinha.com.br\/v1\/wp-json\/wp\/v2\/tags?post=1693"}],"curies":[{"name":"wp","href":"https:\/\/api.w.org\/{rel}","templated":true}]}}