{"id":1535,"date":"2016-02-01T14:09:43","date_gmt":"2016-02-01T17:09:43","guid":{"rendered":"http:\/\/www.blogdomassinha.com.br\/v1\/?p=1535"},"modified":"2016-02-01T14:10:22","modified_gmt":"2016-02-01T17:10:22","slug":"confira-o-primeiro-croqui-do-figurino-de-ivete-sangalo-para-o-carnaval","status":"publish","type":"post","link":"https:\/\/www.blogdomassinha.com.br\/v1\/2016\/02\/01\/confira-o-primeiro-croqui-do-figurino-de-ivete-sangalo-para-o-carnaval\/","title":{"rendered":"Confira o primeiro croqui do figurino de Ivete Sangalo para o Carnaval"},"content":{"rendered":"<p style=\"text-align: justify;\">Ivete Sangalo j\u00e1 est\u00e1 pronta para a folia. Repert\u00f3rio na ponta da l\u00edngua, trio el\u00e9trico revisado, muitos convidados famosos, al\u00e9m da alegria de sempre. Em cima do trio Ivete reina absoluta. Atr\u00e1s da artista mais querida do Brasil tem toda uma estrutura. Suas roupas sempre s\u00e3o destaques. Neste carnaval ela vai incorporar literalmente uma das suas caracter\u00edsticas. Ela \u00e9 guerreira! Vejam as informa\u00e7\u00f5es de V\u00edtor Andrade, seu assessor de imprensa:<!--more--><\/p>\n<p><a href=\"http:\/\/www.blogdomassinha.com.br\/v1\/wp-content\/uploads\/2016\/02\/ivete.jpg\" class=\"gallery_colorbox\"><img loading=\"lazy\" class=\"aligncenter wp-image-1536\" src=\"http:\/\/www.blogdomassinha.com.br\/v1\/wp-content\/uploads\/2016\/02\/ivete.jpg\"  alt=\"ivete\" width=\"600\" height=\"600\" srcset=\"https:\/\/www.blogdomassinha.com.br\/v1\/wp-content\/uploads\/2016\/02\/ivete.jpg 887w, https:\/\/www.blogdomassinha.com.br\/v1\/wp-content\/uploads\/2016\/02\/ivete-150x150.jpg 150w, https:\/\/www.blogdomassinha.com.br\/v1\/wp-content\/uploads\/2016\/02\/ivete-300x300.jpg 300w\" sizes=\"(max-width: 600px) 100vw, 600px\" \/><\/a><\/p>\n<p style=\"text-align: justify;\">A cantora Ivete Sangalo vem de Guerreira para o Carnaval 2016, e o primeiro croqui \u2013 das cinco pe\u00e7as in\u00e9ditas que a baiana vai usar nos dias em que se apresenta \u2013 j\u00e1 saiu. O figurino, que traz a inspira\u00e7\u00e3o em desenhos corporais tribais, tem a dire\u00e7\u00e3o de Patr\u00edcia Zuffa e o look foi criado por Davidson Zanine. A Cia. Mar\u00edtima participa com a estrutura (parte interna) da pe\u00e7a, al\u00e9m de assinar um dos vestidos que a artista vai usar durante a folia. Fernando Pires faz os sapatos e a Lool a confec\u00e7\u00e3o dos acess\u00f3rios, criados especialmente para Ivete. Gil Almeida assina o hair, e Silvio Giorgio o make.<\/p>\n<p>&nbsp;<\/p>\n","protected":false},"excerpt":{"rendered":"<p>Ivete Sangalo j\u00e1 est\u00e1 pronta para a folia. Repert\u00f3rio na ponta da l\u00edngua, trio el\u00e9trico revisado, muitos convidados famosos, al\u00e9m da alegria de sempre. Em cima do trio Ivete reina absoluta. Atr\u00e1s da artista mais querida do Brasil tem toda uma estrutura. Suas roupas sempre s\u00e3o destaques. Neste carnaval ela vai incorporar literalmente uma das [&hellip;]<\/p>\n","protected":false},"author":3,"featured_media":1536,"comment_status":"open","ping_status":"open","sticky":false,"template":"","format":"standard","meta":[],"categories":[7,1],"tags":[163,56],"_links":{"self":[{"href":"https:\/\/www.blogdomassinha.com.br\/v1\/wp-json\/wp\/v2\/posts\/1535"}],"collection":[{"href":"https:\/\/www.blogdomassinha.com.br\/v1\/wp-json\/wp\/v2\/posts"}],"about":[{"href":"https:\/\/www.blogdomassinha.com.br\/v1\/wp-json\/wp\/v2\/types\/post"}],"author":[{"embeddable":true,"href":"https:\/\/www.blogdomassinha.com.br\/v1\/wp-json\/wp\/v2\/users\/3"}],"replies":[{"embeddable":true,"href":"https:\/\/www.blogdomassinha.com.br\/v1\/wp-json\/wp\/v2\/comments?post=1535"}],"version-history":[{"count":2,"href":"https:\/\/www.blogdomassinha.com.br\/v1\/wp-json\/wp\/v2\/posts\/1535\/revisions"}],"predecessor-version":[{"id":1538,"href":"https:\/\/www.blogdomassinha.com.br\/v1\/wp-json\/wp\/v2\/posts\/1535\/revisions\/1538"}],"wp:featuredmedia":[{"embeddable":true,"href":"https:\/\/www.blogdomassinha.com.br\/v1\/wp-json\/wp\/v2\/media\/1536"}],"wp:attachment":[{"href":"https:\/\/www.blogdomassinha.com.br\/v1\/wp-json\/wp\/v2\/media?parent=1535"}],"wp:term":[{"taxonomy":"category","embeddable":true,"href":"https:\/\/www.blogdomassinha.com.br\/v1\/wp-json\/wp\/v2\/categories?post=1535"},{"taxonomy":"post_tag","embeddable":true,"href":"https:\/\/www.blogdomassinha.com.br\/v1\/wp-json\/wp\/v2\/tags?post=1535"}],"curies":[{"name":"wp","href":"https:\/\/api.w.org\/{rel}","templated":true}]}}