{"id":1517,"date":"2016-01-30T10:29:55","date_gmt":"2016-01-30T13:29:55","guid":{"rendered":"http:\/\/www.blogdomassinha.com.br\/v1\/?p=1517"},"modified":"2016-01-30T10:29:55","modified_gmt":"2016-01-30T13:29:55","slug":"curtinhas-da-politica-30012016","status":"publish","type":"post","link":"https:\/\/www.blogdomassinha.com.br\/v1\/2016\/01\/30\/curtinhas-da-politica-30012016\/","title":{"rendered":"Curtinhas da pol\u00edtica &#8211; (30\/01\/2016)"},"content":{"rendered":"<p style=\"text-align: justify;\"><a href=\"http:\/\/www.blogdomassinha.com.br\/v1\/wp-content\/uploads\/2016\/01\/0016.jpg\" class=\"gallery_colorbox\"><img loading=\"lazy\" class=\"aligncenter size-full wp-image-1395\" src=\"http:\/\/www.blogdomassinha.com.br\/v1\/wp-content\/uploads\/2016\/01\/0016.jpg\"  alt=\"0016\" width=\"595\" height=\"227\" srcset=\"https:\/\/www.blogdomassinha.com.br\/v1\/wp-content\/uploads\/2016\/01\/0016.jpg 595w, https:\/\/www.blogdomassinha.com.br\/v1\/wp-content\/uploads\/2016\/01\/0016-300x114.jpg 300w\" sizes=\"(max-width: 595px) 100vw, 595px\" \/><\/a><\/p>\n<p style=\"text-align: justify;\">O prefeito Guilherme Menezes prestigiou o lan\u00e7amento da Exposi\u00e7\u00e3o e demonstrou ao presidente da COOPMAC, Jaymiltinho Gusm\u00e3o, que o apoio n\u00e3o foi apenas institucional, mas um gesto de carinho e de apre\u00e7o ao trabalho realizado pelo jovem gestor e toda sua diretoria.<!--more--><\/p>\n<p style=\"text-align: justify;\"><strong>xxxx<\/strong><\/p>\n<p style=\"text-align: justify;\">O prefeito marcou presen\u00e7a com todo o seu secretariado. Esteve muito \u00e0 vontade. Sentiu-se em casa. Ap\u00f3s sua fala, Guilherme circulou entre os presentes sempre acompanhado de perto pelo secret\u00e1rio Carlos Teles do Meio Ambiente.<\/p>\n<p style=\"text-align: justify;\"><strong>xxxx<\/strong><\/p>\n<p style=\"text-align: justify;\">Carlos Teles, muito discreto, n\u00e3o deixa transparecer que o prefeito tem movimentado no sentido de colocar o seu nome como uma op\u00e7\u00e3o na sucess\u00e3o municipal.<br \/>\nE nessa mexida consta o nome de Waldenor Pereira.<\/p>\n<p style=\"text-align: justify;\"><strong>xxxx<\/strong><\/p>\n<p style=\"text-align: justify;\">Carlos na chapa da situa\u00e7\u00e3o tem a marca de Guilherme. \u00c9 a cara! Portanto, aguardem mais um pouco. Non\u00f4 me disse que a conversa est\u00e1 boa, que prospera.<\/p>\n<p style=\"text-align: justify;\"><strong>xxxx<\/strong><\/p>\n<p style=\"text-align: justify;\">Nunca na hist\u00f3ria da Exposi\u00e7\u00e3o tivemos tantos pol\u00edticos presentes. Pr\u00e9-candidatos, quase todos. Herzem, Odir, Guto, Romilson, Marcelo, Arlindo e Waldenor.<\/p>\n<p style=\"text-align: justify;\"><strong>xxxx<\/strong><\/p>\n<p style=\"text-align: justify;\">Teve mais um, mas ele teima em negar. Creio que logo ap\u00f3s o carnaval&#8230; n\u00e3o, ap\u00f3s a Exposi\u00e7\u00e3o. Est\u00e1 motivada essa sucess\u00e3o.<\/p>\n<p style=\"text-align: justify;\"><strong>xxxx<\/strong><\/p>\n<p style=\"text-align: justify;\">Marcelo Melo chegou atrasado. A sua aus\u00eancia foi justificada. Mas ele chegou a tempo de ver Herzem ser saudado pelo prefeito Guilherme. Isso mesmo, o prefeito citou o nome do seu mais ferrenho advers\u00e1rio saudando-o como uma das autoridades presentes.<\/p>\n<p style=\"text-align: justify;\"><strong>xxxx<\/strong><\/p>\n<p style=\"text-align: justify;\">O Governo do Estado marcou presen\u00e7a, apoiou e trouxe a certeza que a parceria entre a COOPMAC e a Prefeitura est\u00e1 forte.<\/p>\n<p style=\"text-align: justify;\"><strong>xxxx<\/strong><\/p>\n<p style=\"text-align: justify;\">Vitor Bomfim, jovem deputado, filho de Guanambi, foi recebido no aeroporto por Romilson Filho, Dr. Carlinhos Alves e Dr. Gutemberg Macedo. Bomfim, atrav\u00e9s do Grupo Independente, est\u00e1 criando la\u00e7os com Vit\u00f3ria da Conquista.<\/p>\n<p style=\"text-align: justify;\"><strong>xxxx<\/strong><\/p>\n<p style=\"text-align: justify;\">Vitor Bomfim \u00e9 secret\u00e1rio de Agricultura e \u00e9 um dos dirigentes do PDT na Bahia.<\/p>\n<p style=\"text-align: justify;\"><strong>xxxx<\/strong><\/p>\n<p style=\"text-align: justify;\">O secret\u00e1rio teve uma agenda cheia durante o dia. Acompanhou o governador Rui Costa e sua comitiva na entrega de diversas obras realizadas pela Administra\u00e7\u00e3o Municipal.<br \/>\n\u00c0s 07h30min j\u00e1 cumpria uma agenda pol\u00edtica com quatro personalidades pol\u00edticas da cidade. O encontro foi no Ibis Hotel. E foi batido o martelo.<\/p>\n<p style=\"text-align: justify;\"><strong>xxxx<\/strong><\/p>\n<p style=\"text-align: justify;\">Marcelo Melo, pr\u00e9-candidato do DEM \u00e0 Prefeitura de Conquista, chegou atrasado ao Coquetel de Lan\u00e7amento da Exposi\u00e7\u00e3o, porque estava reunido com a sua milit\u00e2ncia. Chegou ao Parque de Exposi\u00e7\u00f5es sorridente e n\u00e3o era para menos. No encontro recebeu a confirma\u00e7\u00e3o do apoio do PPS e do PEN a sua candidatura.<\/p>\n<p style=\"text-align: justify;\"><strong>xxxx<\/strong><\/p>\n<p style=\"text-align: justify;\">Conde\u00faba \u00e9 a terra do biscoito. Muito gostoso. Por sinal recebi uma liga\u00e7\u00e3o da Rua da Raposa. Atendi, n\u00e3o era a cobrar. O que ouvi confirma o acordo firmado entre o DEM e o PSDB em todo o estado.<\/p>\n<p style=\"text-align: justify;\"><strong>xxxx<\/strong><\/p>\n<p style=\"text-align: justify;\">Se bem que o acordo no estado ainda tem outro partido: o PMDB.<br \/>\nAcordo que envolve os tr\u00eas partidos at\u00e9 as elei\u00e7\u00f5es de 2018. Mas voltemos a Conde\u00faba.<br \/>\nA seguir&#8230;<\/p>\n<p style=\"text-align: justify;\"><strong>xxxx<\/strong><\/p>\n<p style=\"text-align: justify;\">J\u00e1 est\u00e1 tudo certo, tudo amarrado, martelo batido, aperto de m\u00e3o e tudo mais: Marcelo Melo ser\u00e1 o candidato a Deputado Estadual a ser votado naquela cidade pelo DEM enquanto que os votos para Federal ser\u00e3o destinados a Jo\u00e3o Gualberto do PSDB.<\/p>\n<p style=\"text-align: justify;\"><strong>xxxx<\/strong><\/p>\n<p style=\"text-align: justify;\">E a\u00ed, e se voc\u00ea decidir o contr\u00e1rio? Como faz? \u00c9 bom n\u00e3o esquecer que uma boa parte dos votos de Conde\u00faba pertencem a Jos\u00e9 Raimundo e Waldenor. Guto, prefeito, garante. E ainda tem os votos de Herzem, capitaneados por Od\u00edlio, ex-prefeito.<\/p>\n<p style=\"text-align: justify;\"><strong>xxxx<\/strong><\/p>\n<p style=\"text-align: justify;\">Os familiares, amigos e militantes petistas, colegas da Receita Federal, a turma do r\u00e1dio, todos abra\u00e7ando fraternalmente o nosso querido J\u00e2nio Freitas.<br \/>\nJ\u00e2nio, resignado, viu sua m\u00e3e partir.<\/p>\n<p style=\"text-align: justify;\"><strong>xxxx<\/strong><\/p>\n<p style=\"text-align: justify;\">Feliz da vida, falante ao lado da esposa, Ricardo Gordo ainda comemora a vit\u00f3ria que o fez presidente da Associa\u00e7\u00e3o de Moradores da Patag\u00f4nia.<\/p>\n<p style=\"text-align: justify;\"><strong>xxxx<\/strong><\/p>\n<p style=\"text-align: justify;\">Na mesa de Ricardo ainda vimos dois amigos felizes: Dud\u00e9 candidato a vereador e j\u00e1 seguro de uma expressiva vota\u00e7\u00e3o, al\u00e9m de Deusdete Dias, que ao lado de Dud\u00e9, fazem o programa pol\u00edtico da Brasil FM e veem a cada dia a audi\u00eancia aumentando.<\/p>\n<p style=\"text-align: justify;\"><strong>xxxx<\/strong><\/p>\n<p style=\"text-align: justify;\">Toda a comitiva do governador retornou a Salvador na tarde de ontem. Menos uma estrela do staff. Deram-me um toque. N\u00e3o, n\u00e3o \u00e9 o que pensaram. O toque foi de telefone. Retornei. Valeu a pena. Confiram:<\/p>\n<p style=\"text-align: justify;\"><strong>xxxx<\/strong><\/p>\n<p style=\"text-align: justify;\">A estrela que ficou tem brilho pr\u00f3prio. Foi a senadora L\u00eddice da Mata. Ela participou de uma reuni\u00e3o com os caciques do PSB local. L\u00eddice bateu palmas pela decis\u00e3o do partido em lan\u00e7ar definitivamente Alexandre Pereira \u00e0 sucess\u00e3o do prefeito Guilherme.<\/p>\n<p style=\"text-align: justify;\"><strong>xxxx<\/strong><\/p>\n<p style=\"text-align: justify;\">Sopraram aqui agora. Bibia est\u00e1 de olho no DEM. Talvez dispute a elei\u00e7\u00e3o para vereador pelo partido de ACM Neto, o prefeito melhor pontuado no Brasil.<\/p>\n","protected":false},"excerpt":{"rendered":"<p>O prefeito Guilherme Menezes prestigiou o lan\u00e7amento da Exposi\u00e7\u00e3o e demonstrou ao presidente da COOPMAC, Jaymiltinho Gusm\u00e3o, que o apoio n\u00e3o foi apenas institucional, mas um gesto de carinho e de apre\u00e7o ao trabalho realizado pelo jovem gestor e toda sua diretoria.<\/p>\n","protected":false},"author":3,"featured_media":1395,"comment_status":"open","ping_status":"open","sticky":false,"template":"","format":"standard","meta":[],"categories":[7,2],"tags":[36,742,696,727,745,615,613,86,698,743,671,222,546,554,45,697,735,741,218,46,125,37,179,744,562,435,732,15],"_links":{"self":[{"href":"https:\/\/www.blogdomassinha.com.br\/v1\/wp-json\/wp\/v2\/posts\/1517"}],"collection":[{"href":"https:\/\/www.blogdomassinha.com.br\/v1\/wp-json\/wp\/v2\/posts"}],"about":[{"href":"https:\/\/www.blogdomassinha.com.br\/v1\/wp-json\/wp\/v2\/types\/post"}],"author":[{"embeddable":true,"href":"https:\/\/www.blogdomassinha.com.br\/v1\/wp-json\/wp\/v2\/users\/3"}],"replies":[{"embeddable":true,"href":"https:\/\/www.blogdomassinha.com.br\/v1\/wp-json\/wp\/v2\/comments?post=1517"}],"version-history":[{"count":1,"href":"https:\/\/www.blogdomassinha.com.br\/v1\/wp-json\/wp\/v2\/posts\/1517\/revisions"}],"predecessor-version":[{"id":1518,"href":"https:\/\/www.blogdomassinha.com.br\/v1\/wp-json\/wp\/v2\/posts\/1517\/revisions\/1518"}],"wp:featuredmedia":[{"embeddable":true,"href":"https:\/\/www.blogdomassinha.com.br\/v1\/wp-json\/wp\/v2\/media\/1395"}],"wp:attachment":[{"href":"https:\/\/www.blogdomassinha.com.br\/v1\/wp-json\/wp\/v2\/media?parent=1517"}],"wp:term":[{"taxonomy":"category","embeddable":true,"href":"https:\/\/www.blogdomassinha.com.br\/v1\/wp-json\/wp\/v2\/categories?post=1517"},{"taxonomy":"post_tag","embeddable":true,"href":"https:\/\/www.blogdomassinha.com.br\/v1\/wp-json\/wp\/v2\/tags?post=1517"}],"curies":[{"name":"wp","href":"https:\/\/api.w.org\/{rel}","templated":true}]}}