{"id":1405,"date":"2016-01-21T16:48:12","date_gmt":"2016-01-21T19:48:12","guid":{"rendered":"http:\/\/www.blogdomassinha.com.br\/v1\/?p=1405"},"modified":"2016-01-21T16:48:52","modified_gmt":"2016-01-21T19:48:52","slug":"prefeitura-de-ilheus-adia-concurso-com-509-vagas","status":"publish","type":"post","link":"https:\/\/www.blogdomassinha.com.br\/v1\/2016\/01\/21\/prefeitura-de-ilheus-adia-concurso-com-509-vagas\/","title":{"rendered":"Prefeitura de Ilh\u00e9us adia concurso com 509 vagas"},"content":{"rendered":"<div id=\"attachment_1406\" style=\"width: 448px\" class=\"wp-caption aligncenter\"><a href=\"http:\/\/www.blogdomassinha.com.br\/v1\/wp-content\/uploads\/2016\/01\/Palacio-Paranagua-Secom-Ilh\u00e9us-1.jpg\" class=\"gallery_colorbox\"><img aria-describedby=\"caption-attachment-1406\" loading=\"lazy\" class=\"wp-image-1406\" src=\"http:\/\/www.blogdomassinha.com.br\/v1\/wp-content\/uploads\/2016\/01\/Palacio-Paranagua-Secom-Ilh\u00e9us-1.jpg\"  alt=\"Palacio-Paranagua-Secom-Ilh\u00e9us-1\" width=\"438\" height=\"328\" srcset=\"https:\/\/www.blogdomassinha.com.br\/v1\/wp-content\/uploads\/2016\/01\/Palacio-Paranagua-Secom-Ilh\u00e9us-1.jpg 640w, https:\/\/www.blogdomassinha.com.br\/v1\/wp-content\/uploads\/2016\/01\/Palacio-Paranagua-Secom-Ilh\u00e9us-1-300x225.jpg 300w\" sizes=\"(max-width: 438px) 100vw, 438px\" \/><\/a><p id=\"caption-attachment-1406\" class=\"wp-caption-text\"><strong>\u00a0 \u00a0 \u00a0 \u00a0 \u00a0 \u00a0 \u00a0 \u00a0 \u00a0 \u00a0 \u00a0 \u00a0 \u00a0 \u00a0 \u00a0 \u00a0 \u00a0Foto: Reprodu\u00e7\u00e3o Google<\/strong><\/p><\/div>\n<p>A Prefeitura de Ilh\u00e9us, no sul da Bahia, suspendeu temporariamente o concurso p\u00fablico que oferecia 509 vagas efetivas em todos os n\u00edveis de escolaridade. As inscri\u00e7\u00f5es, que come\u00e7ariam nesta quarta-feira (20), devem ser iniciadas no dia 27 e seguem\u00a0<strong>at\u00e9 17 de fevereiro<\/strong>, por meio do <a href=\"http:\/\/www.consultec.com.br\/inscbd\/2005insc\/main_concurso.php?id_concurso=820116\">site da Consultec<\/a>. Conforme comunicado divulgado no site da Prefeitura, um novo edital com altera\u00e7\u00f5es ser\u00e1 publicado na sexta-feira (22).<\/p>\n<p>As altera\u00e7\u00f5es v\u00e3o atingir, principalmente, o quadro de cargos e de vagas presentes na primeira vers\u00e3o do edital. Os\u00a0sal\u00e1rios variam de <strong>R$ 870 a $ 8 mil<\/strong>. Para todos os cargos, exceto professor, haver\u00e1 o acr\u00e9scimo de aux\u00edlio-alimenta\u00e7\u00e3o de R$ 200\u00a0na remunera\u00e7\u00e3o. Para professor, o aux\u00edlio-alimenta\u00e7\u00e3o ser\u00e1 de R$ 131,56.<!--more--><\/p>\n<p>O edital previa 82 vagas para candidatos com ensino fundamental, nos cargos de pintor, salva-vidas, mec\u00e2nico de m\u00e1quinas pesadas, operador de patrol, operador de retroescavadeira, auxiliar de servi\u00e7os gerais, motorista e merendeira. As 161 vagas de n\u00edvel m\u00e9dio\/t\u00e9cnico eram para t\u00e9cnico em arquivo, assistente de inform\u00e1tica, cadista t\u00e9cnico, t\u00e9cnico agr\u00edcola, t\u00e9cnico em edifica\u00e7\u00f5es, top\u00f3grafo, t\u00e9cnico auxiliar de farm\u00e1cia, fiscal ambiental, t\u00e9cnico de enfermagem, t\u00e9cnico de enfermagem socorrista, t\u00e9cnico de seguran\u00e7a do trabalho, auxiliar de sa\u00fade bucal, condutor socorrista, auxiliar administrativo, assistente administrativo, orientador social, agente de tr\u00e2nsito, guarda municipal, monitor social, auxiliar de regula\u00e7\u00e3o, cuidador e agente social.<\/p>\n<p>J\u00e1 as 266 vagas de n\u00edvel superior eram para arquivologista, bibliotec\u00e1rio, engenheiro de tr\u00e2nsito, engenheiro civil, engenheiro agr\u00f4nomo, turism\u00f3logo, farmac\u00eautico, muse\u00f3logo, m\u00e9dico cl\u00ednico, m\u00e9dico em diversas especialidades, enfermeiro, enfermeiro socorrista, psic\u00f3logo, nutricionista, terapeuta ocupacional, educador f\u00edsico, fisioterapeuta, odont\u00f3logo, m\u00e9dico veterin\u00e1rio, assistente social, administrador, analista de recursos humanos,contador, professor, procurador, auditor fiscal e arquiteto.<\/p>\n<p>As provas objetivas (para todos os cargos) e discursiva (apenas para procurador) estavam previstas para<strong> 28 de fevereiro<\/strong>. O prazo de validade do concurso ser\u00e1 de dois anos, contados a partir da data da homologa\u00e7\u00e3o do resultado final, podendo ser prorrogado por\u00a0igual per\u00edodo, uma \u00fanica vez. <strong>(Fonte: Ibahia)<\/strong><\/p>\n","protected":false},"excerpt":{"rendered":"<p>A Prefeitura de Ilh\u00e9us, no sul da Bahia, suspendeu temporariamente o concurso p\u00fablico que oferecia 509 vagas efetivas em todos os n\u00edveis de escolaridade. As inscri\u00e7\u00f5es, que come\u00e7ariam nesta quarta-feira (20), devem ser iniciadas no dia 27 e seguem\u00a0at\u00e9 17 de fevereiro, por meio do site da Consultec. Conforme comunicado divulgado no site da Prefeitura, [&hellip;]<\/p>\n","protected":false},"author":3,"featured_media":1406,"comment_status":"open","ping_status":"open","sticky":false,"template":"","format":"standard","meta":[],"categories":[7,1],"tags":[44,199,144,379,600],"_links":{"self":[{"href":"https:\/\/www.blogdomassinha.com.br\/v1\/wp-json\/wp\/v2\/posts\/1405"}],"collection":[{"href":"https:\/\/www.blogdomassinha.com.br\/v1\/wp-json\/wp\/v2\/posts"}],"about":[{"href":"https:\/\/www.blogdomassinha.com.br\/v1\/wp-json\/wp\/v2\/types\/post"}],"author":[{"embeddable":true,"href":"https:\/\/www.blogdomassinha.com.br\/v1\/wp-json\/wp\/v2\/users\/3"}],"replies":[{"embeddable":true,"href":"https:\/\/www.blogdomassinha.com.br\/v1\/wp-json\/wp\/v2\/comments?post=1405"}],"version-history":[{"count":2,"href":"https:\/\/www.blogdomassinha.com.br\/v1\/wp-json\/wp\/v2\/posts\/1405\/revisions"}],"predecessor-version":[{"id":1409,"href":"https:\/\/www.blogdomassinha.com.br\/v1\/wp-json\/wp\/v2\/posts\/1405\/revisions\/1409"}],"wp:featuredmedia":[{"embeddable":true,"href":"https:\/\/www.blogdomassinha.com.br\/v1\/wp-json\/wp\/v2\/media\/1406"}],"wp:attachment":[{"href":"https:\/\/www.blogdomassinha.com.br\/v1\/wp-json\/wp\/v2\/media?parent=1405"}],"wp:term":[{"taxonomy":"category","embeddable":true,"href":"https:\/\/www.blogdomassinha.com.br\/v1\/wp-json\/wp\/v2\/categories?post=1405"},{"taxonomy":"post_tag","embeddable":true,"href":"https:\/\/www.blogdomassinha.com.br\/v1\/wp-json\/wp\/v2\/tags?post=1405"}],"curies":[{"name":"wp","href":"https:\/\/api.w.org\/{rel}","templated":true}]}}