{"id":1374,"date":"2016-01-18T14:32:59","date_gmt":"2016-01-18T17:32:59","guid":{"rendered":"http:\/\/www.blogdomassinha.com.br\/v1\/?p=1374"},"modified":"2016-01-18T14:32:59","modified_gmt":"2016-01-18T17:32:59","slug":"apub-promove-debate-com-valter-pomar-sobre-conjuntura-nacional-e-o-impacto-na-universidade","status":"publish","type":"post","link":"https:\/\/www.blogdomassinha.com.br\/v1\/2016\/01\/18\/apub-promove-debate-com-valter-pomar-sobre-conjuntura-nacional-e-o-impacto-na-universidade\/","title":{"rendered":"APUB promove debate com Valter Pomar sobre conjuntura nacional e o impacto na universidade"},"content":{"rendered":"<p style=\"text-align: justify;\"><a href=\"http:\/\/www.blogdomassinha.com.br\/v1\/wp-content\/uploads\/2016\/01\/12571009_968085333284588_1418821849_n.jpg\" class=\"gallery_colorbox\"><img loading=\"lazy\" class=\"aligncenter  wp-image-1375\" src=\"http:\/\/www.blogdomassinha.com.br\/v1\/wp-content\/uploads\/2016\/01\/12571009_968085333284588_1418821849_n.jpg\"  alt=\"12571009_968085333284588_1418821849_n\" width=\"400\" height=\"400\" srcset=\"https:\/\/www.blogdomassinha.com.br\/v1\/wp-content\/uploads\/2016\/01\/12571009_968085333284588_1418821849_n.jpg 960w, https:\/\/www.blogdomassinha.com.br\/v1\/wp-content\/uploads\/2016\/01\/12571009_968085333284588_1418821849_n-150x150.jpg 150w, https:\/\/www.blogdomassinha.com.br\/v1\/wp-content\/uploads\/2016\/01\/12571009_968085333284588_1418821849_n-300x300.jpg 300w\" sizes=\"(max-width: 400px) 100vw, 400px\" \/><\/a><\/p>\n<p style=\"text-align: justify;\">O professor de Economia Pol\u00edtica Internacional da Universidade Federal do ABC (S\u00e3o Paulo),Valter Pomar, estar\u00e1 em Vit\u00f3ria da Conquista na pr\u00f3xima ter\u00e7a-feira, 19 de Janeiro, onde far\u00e1 palestra sobre a conjuntura nacional e o impacto na universidade p\u00fablica. Doutor em Hist\u00f3ria e ex-secret\u00e1rio-executivo do Foro de S\u00e3o Paulo, Pomar cumpre agenda a convite do Sindicato dos Professores das Institui\u00e7\u00f5es Federais de Ensino Superior na Bahia\/APUB. A palestra acontece no Audit\u00f3rio do Pr\u00e9dio Administrativo da Universidade Federal da Bahia\/UFBA, \u00e0s 18:30h. Valter Pomar desembarca em Vit\u00f3ria da Conquista no dia do evento, \u00e0s 12:45h, e estar\u00e1 \u00e0 disposi\u00e7\u00e3o da imprensa local e regional das 15:00h \u00e0s 17:30, no Hotel Livramento Palace.<br \/>\nA presidente da APUB-Sindicato, Cl\u00e1udia Miranda, afirmou que o encontro com Valter Pomar representa o esfor\u00e7o de professores de manterem a mobiliza\u00e7\u00e3o da comunidade acad\u00eamica e dos movimentos sociais contra as medidas e propostas que venham afetar a consolida\u00e7\u00e3o dos projetos sociais, em especial, da educa\u00e7\u00e3o p\u00fablica. \u201cA presen\u00e7a de Pomar enriquece nossas discuss\u00f5es, potencializando nossa disposi\u00e7\u00e3o para enfrentar um cen\u00e1rio pol\u00edtico t\u00e3o dif\u00edcil como o da atualidade. Neste sentido, o evento tamb\u00e9m torna-se muito relevante para a nossa juventude na medida em que os jovens precisam estar informados e conscientes sobre o impacto das pol\u00edticas recentes tanto no acesso a universidade e institutos federais, como na qualidade da sua forma\u00e7\u00e3o acad\u00eamica\/cient\u00edfica e profissional\u201d.<\/p>\n","protected":false},"excerpt":{"rendered":"<p>O professor de Economia Pol\u00edtica Internacional da Universidade Federal do ABC (S\u00e3o Paulo),Valter Pomar, estar\u00e1 em Vit\u00f3ria da Conquista na pr\u00f3xima ter\u00e7a-feira, 19 de Janeiro, onde far\u00e1 palestra sobre a conjuntura nacional e o impacto na universidade p\u00fablica. Doutor em Hist\u00f3ria e ex-secret\u00e1rio-executivo do Foro de S\u00e3o Paulo, Pomar cumpre agenda a convite do Sindicato [&hellip;]<\/p>\n","protected":false},"author":3,"featured_media":1375,"comment_status":"open","ping_status":"open","sticky":false,"template":"","format":"standard","meta":[],"categories":[7,1],"tags":[658,659,15],"_links":{"self":[{"href":"https:\/\/www.blogdomassinha.com.br\/v1\/wp-json\/wp\/v2\/posts\/1374"}],"collection":[{"href":"https:\/\/www.blogdomassinha.com.br\/v1\/wp-json\/wp\/v2\/posts"}],"about":[{"href":"https:\/\/www.blogdomassinha.com.br\/v1\/wp-json\/wp\/v2\/types\/post"}],"author":[{"embeddable":true,"href":"https:\/\/www.blogdomassinha.com.br\/v1\/wp-json\/wp\/v2\/users\/3"}],"replies":[{"embeddable":true,"href":"https:\/\/www.blogdomassinha.com.br\/v1\/wp-json\/wp\/v2\/comments?post=1374"}],"version-history":[{"count":1,"href":"https:\/\/www.blogdomassinha.com.br\/v1\/wp-json\/wp\/v2\/posts\/1374\/revisions"}],"predecessor-version":[{"id":1376,"href":"https:\/\/www.blogdomassinha.com.br\/v1\/wp-json\/wp\/v2\/posts\/1374\/revisions\/1376"}],"wp:featuredmedia":[{"embeddable":true,"href":"https:\/\/www.blogdomassinha.com.br\/v1\/wp-json\/wp\/v2\/media\/1375"}],"wp:attachment":[{"href":"https:\/\/www.blogdomassinha.com.br\/v1\/wp-json\/wp\/v2\/media?parent=1374"}],"wp:term":[{"taxonomy":"category","embeddable":true,"href":"https:\/\/www.blogdomassinha.com.br\/v1\/wp-json\/wp\/v2\/categories?post=1374"},{"taxonomy":"post_tag","embeddable":true,"href":"https:\/\/www.blogdomassinha.com.br\/v1\/wp-json\/wp\/v2\/tags?post=1374"}],"curies":[{"name":"wp","href":"https:\/\/api.w.org\/{rel}","templated":true}]}}