{"id":1237,"date":"2016-01-11T19:44:24","date_gmt":"2016-01-11T22:44:24","guid":{"rendered":"http:\/\/www.blogdomassinha.com.br\/v1\/?p=1237"},"modified":"2016-01-11T19:45:22","modified_gmt":"2016-01-11T22:45:22","slug":"o-pt-nao-tem-mais-capacidade-de-gestao-nesse-presente-momento-e-eles-percebem-que-existe-a-hora-da-mudanca-diz-frederico-ferraz","status":"publish","type":"post","link":"https:\/\/www.blogdomassinha.com.br\/v1\/2016\/01\/11\/o-pt-nao-tem-mais-capacidade-de-gestao-nesse-presente-momento-e-eles-percebem-que-existe-a-hora-da-mudanca-diz-frederico-ferraz\/","title":{"rendered":"&#8220;O PT n\u00e3o tem mais capacidade de gest\u00e3o nesse presente momento e eles percebem que existe a hora da mudan\u00e7a&#8221;, diz Frederico Ferraz"},"content":{"rendered":"<div id=\"attachment_1239\" style=\"width: 418px\" class=\"wp-caption aligncenter\"><a href=\"http:\/\/www.blogdomassinha.com.br\/v1\/wp-content\/uploads\/2016\/01\/12032035_10156129860305515_6150091710065478960_n.jpg\" class=\"gallery_colorbox\"><img aria-describedby=\"caption-attachment-1239\" loading=\"lazy\" class=\"wp-image-1239\" src=\"http:\/\/www.blogdomassinha.com.br\/v1\/wp-content\/uploads\/2016\/01\/12032035_10156129860305515_6150091710065478960_n.jpg\"  alt=\"12032035_10156129860305515_6150091710065478960_n\" width=\"408\" height=\"306\" srcset=\"https:\/\/www.blogdomassinha.com.br\/v1\/wp-content\/uploads\/2016\/01\/12032035_10156129860305515_6150091710065478960_n.jpg 960w, https:\/\/www.blogdomassinha.com.br\/v1\/wp-content\/uploads\/2016\/01\/12032035_10156129860305515_6150091710065478960_n-300x225.jpg 300w\" sizes=\"(max-width: 408px) 100vw, 408px\" \/><\/a><p id=\"caption-attachment-1239\" class=\"wp-caption-text\"><strong>\u00a0 \u00a0 \u00a0 \u00a0 \u00a0 \u00a0 \u00a0 \u00a0 \u00a0 \u00a0 \u00a0 \u00a0 \u00a0 \u00a0 \u00a0Foto: Arquivo Pessoal <\/strong><\/p><\/div>\n<p>Frederico Ferraz foi ex-candidato a vice-prefeito, nas elei\u00e7\u00f5es 2012, pelo partido PPS junto ao \u00a0Dr. Elkson Soares. J\u00e1 em 2014 foi candidato a deputado Federal pela REDE e atualmente filiou-se ao PMDB refor\u00e7ando a conhecid\u00edssima sigla de Ulysses Guimar\u00e3es.<\/p>\n<p><strong>BM: O que significa essa inser\u00e7\u00e3o sua no PMDB? <\/strong><\/p>\n<p><strong>FF:<\/strong> A minha vinda para o PMDB \u00e9 uma coisa extremamente natural dentro das oposi\u00e7\u00f5es em Vit\u00f3ria da Conquista, afinal de contas quando estive nas elei\u00e7\u00f5es de 2012 juntamente com Elcson soares, concorri ao cargo de vice-prefeito. J\u00e1 no segundo turno caminhamos com Herzem Gusm\u00e3o e tivemos uma atua\u00e7\u00e3o bastante incisiva nessa elei\u00e7\u00e3o. Em 2014 houve um desdobramento e a gente definiu que meu nome sairia como deputado federal, inclusive numa articula\u00e7\u00e3o de Raul Ferraz com Pedral Sampaio , na qual pleitearia o cargo de deputado federal justamente para n\u00e3o concorrer com a candidatura de Herzem a deputado estadual aqui na cidade. Nossa parceria j\u00e1 \u00e9 antiga, tinha o convite de Herzem para ingressar nas fileiras do PMDB , no qual n\u00e3o era um momento oportuno, pois, ainda estava na REDE e aguardei o momento para que n\u00f3s pud\u00e9ssemos conversar. Ao longo do m\u00eas passado houveram conversas e Geanne refor\u00e7ou o pedido de Herzem\u00a0 e dentro de uma avalia\u00e7\u00e3o do quadro de oposi\u00e7\u00e3o municipal Herzem figura como candidato natural da oposi\u00e7\u00e3o. A gente v\u00ea que dentro das pesquisas que foram encomendadas e dentro das consultas internas, Herzem tem uma vantagem muito grande em cima dos outros candidatos em disputa. Voc\u00ea v\u00ea que o pr\u00e9-candidato Waldenor j\u00e1 coloca em seu discurso um tom mais preocupado dizendo que se o PT n\u00e3o se unir ir\u00e1 perder a elei\u00e7\u00e3o, isto, \u00e9 um indicativo de quem est\u00e1 abaixo nas pesquisas, \u00a0e da mesma forma acredito que dentro do cen\u00e1rio pol\u00edtico a candidatura \u00fanica de Herzem Gusm\u00e3o existe uma grande possibilidade de elei\u00e7\u00e3o em\u00a0 primeiro turno. Isso de fato pouparia esfor\u00e7os na cidade ao custo de financiamentos de campanhas e daria uma boa alavancada para a gente fazer uma revers\u00e3o nesse quadro antidemocr\u00e1tico, pois acredito que democracia seja altern\u00e2ncia de poder. Temos 20 anos de PT aqui em Vit\u00f3ria da Conquista e \u00e9 estranho quando deparamos com pessoas, a exemplo, de um jovem que me relatou que com 29 anos de idade s\u00f3 teria visto at\u00e9 ent\u00e3o o Partido do Trabalhadores no poder aqui na cidade. Precisamos oxigenar a prefeitura e a pol\u00edtica trazendo novas lideran\u00e7as e acrescentar a nossa cidade outras solu\u00e7\u00f5es para isso mudando as cabe\u00e7as pensantes. Eu acredito que Herzem represente \u00a0a mudan\u00e7a \u00a0de paradigma que precisamos em nossa cidade de que n\u00e3o existe apenas um caminho. Eu vou participar do PMDB como mais um integrante da sigla, n\u00e3o sou candidato a nada e apenas coloco meu nome \u00e0 disposi\u00e7\u00e3o do partido para o que for necess\u00e1rio. Temos certeza que construiremos um futuro vitorioso em 2016.<!--more--><\/p>\n<p><strong>BM: Voc\u00ea acredita que o PSDB importante sigla nacional e tamb\u00e9m com grande express\u00e3o em Conquista, o Grupo Independente, o DEM, esses partidos na verdade ter\u00e3o a consci\u00eancia de retirar suas candidaturas e fazer antecipadamente uma composi\u00e7\u00e3o como o PMDB? <\/strong><\/p>\n<p><strong>FF:<\/strong> \u00c9 sabido por todos que Herzem figura como o principal candidato da oposi\u00e7\u00e3o e a unifica\u00e7\u00e3o deste grupo \u00e9 de extrema import\u00e2ncia. O Grupo Independente tem seu papel dentro dessa unifica\u00e7\u00e3o, assim como o PSDB tem seu espa\u00e7o tamb\u00e9m nessa constru\u00e7\u00e3o e acho que essas ser\u00e3o conversas partid\u00e1rias que ser\u00e3o tratadas pela c\u00fapula do PMDB e com esses partidos. Eu tenho contato com todos os presidentes e representantes destas siglas e converso com eles, acredito que qualquer desses partidos que venham a se opor a fortalecer a candidatura de Herzem estariam trabalhando contra um projeto de oposi\u00e7\u00e3o. E a popula\u00e7\u00e3o n\u00e3o aceitaria isso, pois,\u00a0 o povo v\u00ea hoje em Herzem um candidato que foi perseguido dentro da estrutura judici\u00e1ria para ter o mandato dele ceifado e que ganhou na justi\u00e7a. \u00c9 uma quest\u00e3o de tempo e acordo entre os partidos e percep\u00e7\u00e3o dos dirigentes de ver que est\u00e1 na hora de reunir e unir for\u00e7as para mudar o que tem que ser mudado na cidade de Vit\u00f3ria da Conquista.<\/p>\n<p><strong>BM: O prefeito Guilherme lan\u00e7ou o candidato Odir Freire como um dos candidatos do PT, tendo sua prefer\u00eancia por este representante. Em seguida mesmo contrariando alguns observadores, Z\u00e9 Raimundo e Waldenor Pereira lan\u00e7aram as duas candidaturas. Como voc\u00ea analisa esse quadro? <\/strong><\/p>\n<p><strong>FF:<\/strong> O quadro da situa\u00e7\u00e3o, eu vejo como o mesmo que vigorou no ano de 2012 est\u00e3o fragmentando para depois se unir. A verdade que todos os quadros que se apresentam como pr\u00e9-candidatos do PT est\u00e3o procurando nada mais do que fortalecer a musculatura de cada um individualmente e depois se unir de forma mais homog\u00eanea, digamos assim. Isso j\u00e1 \u00e9 uma jogada que estamos acostumados a ver e acompanhar na pol\u00edtica conquistense e que \u00e9 facilmente desbaratada, basta aguardarmos at\u00e9 abril ou maio e as coisas v\u00e3o se configurando. O PT tradicionalmente se une para o primeiro turno, eles n\u00e3o criam dissid\u00eancias e s\u00e3o disciplinados neste aspecto. Eles t\u00eam suas fun\u00e7\u00f5es hoje dentro da sigla, mas, independente disso eles s\u00e3o um \u00fanico candidato que \u00e9 o que representar o PT. Acho que \u00e9 isso que temos que combater, e creio que seremos vitoriosos, pois, a popula\u00e7\u00e3o quando caminho nas ruas ou distritos e quando converso com as lideran\u00e7as est\u00e3o todos muito chateados com o que est\u00e1 acontecendo no nosso pa\u00eds, se estendendo ao cen\u00e1rio estadual e municipal tamb\u00e9m. Em minha opini\u00e3o, o PT n\u00e3o tem mais capacidade de gest\u00e3o nesse presente momento e eles percebem que existe a hora da mudan\u00e7a e tenho certeza que a hora chegou.<\/p>\n<p><strong>BM: Esse cen\u00e1rio nacional que tem trazido um ceticismo quanto \u00e0 C\u00e2mara dos Deputados e o pr\u00f3prio impeachment da presidente Dilma, como voc\u00ea analisa isso para a popula\u00e7\u00e3o conquistense ? Porque a inseguran\u00e7a \u00e9 generalizada em todos os n\u00edveis, do mais simples ao mais conceitual cidad\u00e3o brasileiro. <\/strong><\/p>\n<p><strong>FF:<\/strong> Hoje existe sim uma briga muito grande no cen\u00e1rio nacional, no qual existe uma inger\u00eancia pol\u00edtica e de gest\u00e3o. Existe uma crise de gest\u00e3o na nossa presid\u00eancia da rep\u00fablica, assim como n\u00f3s temos problemas institucionais na C\u00e2mara e no Senado, no pr\u00f3prio STJ e no STF. Percebemos que nitidamente aparelharam toda a estrutura do judici\u00e1rio, executivo e legislativo. A gente tem que pensar da seguinte forma, vivemos num munic\u00edpio, ele existe, o Estado e a Uni\u00e3o s\u00e3o fic\u00e7\u00f5es jur\u00eddicas para administrar o Estado como um todo. Busco hoje estar focado na pol\u00edtica conquistense porque \u00e9 aqui que vivo e que sofro a inseguran\u00e7a. \u00c9 nesse ambiente que sofro com a educa\u00e7\u00e3o ruim fazendo com que aquelas pessoas n\u00e3o sejam aquelas mentes pensantes que outrora pensavam e participavam ativamente da pol\u00edtica. Temos uma juventude que precisa passar por um choque pol\u00edtico e come\u00e7arem a pensar que eles precisam participar da pol\u00edtica conquistense. Vemos muitas vezes pessoas se manifestando em caminhadas e protestos contra a presidente, mas s\u00e3o incapazes de se posicionar municipalmente. Pontos relevantes como a cultura que sempre foi forte em nossa cidade, a terceira maior da bahia, \u00e9 dif\u00edcil de acreditar que n\u00e3o tenhamos um teatro municipal. Porque que a popula\u00e7\u00e3o n\u00e3o cobra determinadas resolu\u00e7\u00f5es por contas das esferas municipais, estaduais e federais para que sejam feitos incentivos fiscais e busca de recursos p\u00fablicos para constru\u00e7\u00e3o do Teatro Municipal de Vit\u00f3ria da Conquista? Ent\u00e3o, vejo que estamos adormecidos , precisamos acordar para o munic\u00edpio. Essas discuss\u00f5es com enfoque no Estado e Uni\u00e3o muitas vezes s\u00e3o uma cortina de fuma\u00e7a para que n\u00e3o discutamos os problemas na cidade. \u00c9 preciso discutir o munic\u00edpio para essas elei\u00e7\u00f5es que est\u00e3o chegando fazendo com que esses candidatos se posicionem no que v\u00e3o trazer para Vit\u00f3ria da Conquista e n\u00e3o simplesmente apresentarem projetos que n\u00e3o v\u00e3o ser executados ou utilizar-se de artimanhas como eu defino como obras pr\u00e9-datadas. Faz tempo que n\u00e3o vemos um prefeito inaugurando uma grande obra em Vit\u00f3ria da Conquista, no entanto, na \u00e9poca de elei\u00e7\u00e3o eles v\u00eam aqui assinar termos de conduta ou termos de compromisso de benfeitorias ou conv\u00eanios de obras que dever\u00e3o ser entregues no futuro. E esse futuro \u00e9 incerto, pois, toda hora eles mudam a data. A exemplo do aeroporto, quanto tempo o PT tem faturado essa obra sem inaugurar de fato esse empreendimento? Est\u00e1 na hora de inaugurarmos as coisas , quando inaugurarem o aeroporto e o teatro municipal de Vit\u00f3ria da Conquista estarei l\u00e1 aplaudindo o gestor que estiver inaugurando essa obra.<\/p>\n<p><strong>BM: Voc\u00ea vem para o PMDB de forma incondicional , ou seja, j\u00e1 n\u00e3o se coloca a n\u00e3o ser que seja convidado como poss\u00edvel prefeito. Mas, voc\u00ea j\u00e1 est\u00e1 \u00e0 disposi\u00e7\u00e3o ou voc\u00ea j\u00e1 se apresenta como um futuro vereador pelo partido?<\/strong><\/p>\n<p><strong>FF:<\/strong> Tenho me preparado para atuar como prefeito de Vit\u00f3ria da Conquista. Fiz o curso de administra\u00e7\u00e3o, depois de direito, me especializei em direito p\u00fablico e controle municipal. Acho que uma pessoa que quer por seu nome \u00e0 disposi\u00e7\u00e3o deve se preparar, ele deve buscar conhecimento para poder fazer um trabalho bem feito. Hoje em dia as prefeituras principalmente depois da lei de Responsabilidade Fiscal se tornaram extremamente t\u00e9cnicas. Voc\u00ea n\u00e3o pode pegar uma cidade com o tamanho de Vit\u00f3ria da Conquista e achar que o prefeito tem que ser algu\u00e9m alheio no que consiste em ger\u00eancia p\u00fablica. Precisamos formar quadros que consigam atuar de forma efetiva nesse aspecto. Eu sou um nome a ser explorado no executivo, o legislativo n\u00e3o \u00e9 uma \u201cpraia\u201d que e eu atue de forma t\u00e3o tranquila. N\u00e3o pela quest\u00e3o t\u00e9cnica at\u00e9 porque como advogado me habilitaria a apresentar projetos e fazer coisas que pela C\u00e2mara seriam importantes, mas, acho que poderia ajudar mais no que tenho estudado mais. O meu nome indo para o PMDB \u00e9 mais um nome dentre as fileiras, no dia que houver o momento certo e que houver o convite e esse convite for lastreado por uma condi\u00e7\u00e3o de realmente efetivar uma candidatura, o meu nome estar\u00e1 \u00e0 disposi\u00e7\u00e3o. Mas, hoje vejo Herzem como candidato natural da oposi\u00e7\u00e3o e \u00e9 esse nome que a gente deve apoiar.<\/p>\n","protected":false},"excerpt":{"rendered":"<p>Frederico Ferraz foi ex-candidato a vice-prefeito, nas elei\u00e7\u00f5es 2012, pelo partido PPS junto ao \u00a0Dr. Elkson Soares. J\u00e1 em 2014 foi candidato a deputado Federal pela REDE e atualmente filiou-se ao PMDB refor\u00e7ando a conhecid\u00edssima sigla de Ulysses Guimar\u00e3es. BM: O que significa essa inser\u00e7\u00e3o sua no PMDB? FF: A minha vinda para o PMDB [&hellip;]<\/p>\n","protected":false},"author":3,"featured_media":1239,"comment_status":"open","ping_status":"open","sticky":false,"template":"","format":"standard","meta":[],"categories":[7,2],"tags":[566,45,46,125,15],"_links":{"self":[{"href":"https:\/\/www.blogdomassinha.com.br\/v1\/wp-json\/wp\/v2\/posts\/1237"}],"collection":[{"href":"https:\/\/www.blogdomassinha.com.br\/v1\/wp-json\/wp\/v2\/posts"}],"about":[{"href":"https:\/\/www.blogdomassinha.com.br\/v1\/wp-json\/wp\/v2\/types\/post"}],"author":[{"embeddable":true,"href":"https:\/\/www.blogdomassinha.com.br\/v1\/wp-json\/wp\/v2\/users\/3"}],"replies":[{"embeddable":true,"href":"https:\/\/www.blogdomassinha.com.br\/v1\/wp-json\/wp\/v2\/comments?post=1237"}],"version-history":[{"count":2,"href":"https:\/\/www.blogdomassinha.com.br\/v1\/wp-json\/wp\/v2\/posts\/1237\/revisions"}],"predecessor-version":[{"id":1241,"href":"https:\/\/www.blogdomassinha.com.br\/v1\/wp-json\/wp\/v2\/posts\/1237\/revisions\/1241"}],"wp:featuredmedia":[{"embeddable":true,"href":"https:\/\/www.blogdomassinha.com.br\/v1\/wp-json\/wp\/v2\/media\/1239"}],"wp:attachment":[{"href":"https:\/\/www.blogdomassinha.com.br\/v1\/wp-json\/wp\/v2\/media?parent=1237"}],"wp:term":[{"taxonomy":"category","embeddable":true,"href":"https:\/\/www.blogdomassinha.com.br\/v1\/wp-json\/wp\/v2\/categories?post=1237"},{"taxonomy":"post_tag","embeddable":true,"href":"https:\/\/www.blogdomassinha.com.br\/v1\/wp-json\/wp\/v2\/tags?post=1237"}],"curies":[{"name":"wp","href":"https:\/\/api.w.org\/{rel}","templated":true}]}}