{"id":11351,"date":"2018-01-31T09:22:51","date_gmt":"2018-01-31T12:22:51","guid":{"rendered":"http:\/\/www.blogdomassinha.com.br\/v1\/?p=11351"},"modified":"2018-01-31T09:22:51","modified_gmt":"2018-01-31T12:22:51","slug":"marcelo-melo-arrumando-as-gavetas","status":"publish","type":"post","link":"https:\/\/www.blogdomassinha.com.br\/v1\/2018\/01\/31\/marcelo-melo-arrumando-as-gavetas\/","title":{"rendered":"Marcelo Melo: arrumando as gavetas"},"content":{"rendered":"<p style=\"text-align: justify;\"><a href=\"http:\/\/www.blogdomassinha.com.br\/v1\/wp-content\/uploads\/2018\/01\/43EC7090-224E-4259-865D-F987DA7B6CAE.jpeg\" class=\"gallery_colorbox\"><img loading=\"lazy\" class=\"aligncenter wp-image-11354\" src=\"http:\/\/www.blogdomassinha.com.br\/v1\/wp-content\/uploads\/2018\/01\/43EC7090-224E-4259-865D-F987DA7B6CAE-768x1024.jpeg\"  alt=\"43EC7090-224E-4259-865D-F987DA7B6CAE\" width=\"400\" height=\"533\" \/><\/a><\/p>\n<p style=\"text-align: justify;\">O secret\u00e1rio Municipal da Educa\u00e7\u00e3o de Vit\u00f3ria da Conquista, Marcelo Melo, est\u00e1 em clima de despedida, j\u00e1 come\u00e7ou a retirada da papelada das gavetas e deixando tudo arrumado para passar o bast\u00e3o para a professora Selma Oliveira, sua substituta imediata, inclusive, j\u00e1 indicada pelo prefeito Herzem Gusm\u00e3o como futura titular da pasta.<br \/>\nMarcelo deixa o cargo para disputar uma cadeira na C\u00e2mara Federal pelo DEM, e completamente afinado com os prop\u00f3sitos do prefeito de Salvador, ACM Neto. <!--more-->O ainda respons\u00e1vel pela condu\u00e7\u00e3o da educa\u00e7\u00e3o na capital do sudoeste da Bahia vem fazendo um trabalho que despertou a aten\u00e7\u00e3o da imprensa do sul, centro sul e sudoeste do estado, que lhe valeu um pr\u00eamio, cuja entrega ocorreu no \u00faltimo dia 27, na cidade de Itapetinga. O mesmo evento premiou tamb\u00e9m o presidente da casa legislativa de nossa cidade, o vereador Herminio Oliveira.<br \/>\nAmanh\u00e3 no programa Agito Geral os dois ser\u00e3o nossos entrevistados.<\/p>\n\n","protected":false},"excerpt":{"rendered":"<p>O secret\u00e1rio Municipal da Educa\u00e7\u00e3o de Vit\u00f3ria da Conquista, Marcelo Melo, est\u00e1 em clima de despedida, j\u00e1 come\u00e7ou a retirada da papelada das gavetas e deixando tudo arrumado para passar o bast\u00e3o para a professora Selma Oliveira, sua substituta imediata, inclusive, j\u00e1 indicada pelo prefeito Herzem Gusm\u00e3o como futura titular da pasta. Marcelo deixa o [&hellip;]<\/p>\n","protected":false},"author":3,"featured_media":0,"comment_status":"open","ping_status":"open","sticky":false,"template":"","format":"standard","meta":[],"categories":[7,1,2],"tags":[],"_links":{"self":[{"href":"https:\/\/www.blogdomassinha.com.br\/v1\/wp-json\/wp\/v2\/posts\/11351"}],"collection":[{"href":"https:\/\/www.blogdomassinha.com.br\/v1\/wp-json\/wp\/v2\/posts"}],"about":[{"href":"https:\/\/www.blogdomassinha.com.br\/v1\/wp-json\/wp\/v2\/types\/post"}],"author":[{"embeddable":true,"href":"https:\/\/www.blogdomassinha.com.br\/v1\/wp-json\/wp\/v2\/users\/3"}],"replies":[{"embeddable":true,"href":"https:\/\/www.blogdomassinha.com.br\/v1\/wp-json\/wp\/v2\/comments?post=11351"}],"version-history":[{"count":1,"href":"https:\/\/www.blogdomassinha.com.br\/v1\/wp-json\/wp\/v2\/posts\/11351\/revisions"}],"predecessor-version":[{"id":11363,"href":"https:\/\/www.blogdomassinha.com.br\/v1\/wp-json\/wp\/v2\/posts\/11351\/revisions\/11363"}],"wp:attachment":[{"href":"https:\/\/www.blogdomassinha.com.br\/v1\/wp-json\/wp\/v2\/media?parent=11351"}],"wp:term":[{"taxonomy":"category","embeddable":true,"href":"https:\/\/www.blogdomassinha.com.br\/v1\/wp-json\/wp\/v2\/categories?post=11351"},{"taxonomy":"post_tag","embeddable":true,"href":"https:\/\/www.blogdomassinha.com.br\/v1\/wp-json\/wp\/v2\/tags?post=11351"}],"curies":[{"name":"wp","href":"https:\/\/api.w.org\/{rel}","templated":true}]}}