{"id":10367,"date":"2017-11-14T10:43:32","date_gmt":"2017-11-14T13:43:32","guid":{"rendered":"http:\/\/www.blogdomassinha.com.br\/v1\/?p=10367"},"modified":"2017-11-15T08:42:04","modified_gmt":"2017-11-15T11:42:04","slug":"parada-do-orgulho-de-ser-lgbt-acontece-no-dia-19","status":"publish","type":"post","link":"https:\/\/www.blogdomassinha.com.br\/v1\/2017\/11\/14\/parada-do-orgulho-de-ser-lgbt-acontece-no-dia-19\/","title":{"rendered":"Parada do Orgulho de Ser LGBT acontece no dia 19"},"content":{"rendered":"<p style=\"text-align: justify;\"><a href=\"http:\/\/www.blogdomassinha.com.br\/v1\/wp-content\/uploads\/2017\/11\/A3FD442B-2996-4829-9E3D-31F4517CC35C.jpeg\" class=\"gallery_colorbox\"><img loading=\"lazy\" class=\"aligncenter wp-image-10368\" src=\"http:\/\/www.blogdomassinha.com.br\/v1\/wp-content\/uploads\/2017\/11\/A3FD442B-2996-4829-9E3D-31F4517CC35C.jpeg\"  alt=\"A3FD442B-2996-4829-9E3D-31F4517CC35C\" width=\"400\" height=\"266\" srcset=\"https:\/\/www.blogdomassinha.com.br\/v1\/wp-content\/uploads\/2017\/11\/A3FD442B-2996-4829-9E3D-31F4517CC35C.jpeg 600w, https:\/\/www.blogdomassinha.com.br\/v1\/wp-content\/uploads\/2017\/11\/A3FD442B-2996-4829-9E3D-31F4517CC35C-300x200.jpeg 300w\" sizes=\"(max-width: 400px) 100vw, 400px\" \/><\/a><\/p>\n<p style=\"text-align: justify;\">Em 2017, Vit\u00f3ria da Conquista chega \u00e0 7\u00aa edi\u00e7\u00e3o da Parada do Orgulho de Ser LGBT, que, desta vez, traz o tema \u201cA luta contra a LGBTfobia \u00e9 sim a luta pela vida\u201d. A concentra\u00e7\u00e3o do evento est\u00e1 agendada para o domingo, 19, \u00e0s 13h, na Pra\u00e7a Nossa Senhora dos Verdes, situada no bairro Brasil.<\/p>\n<p style=\"text-align: justify;\">A escolha da pra\u00e7a atende a uma reivindica\u00e7\u00e3o dos movimentos sociais para que o evento ocorresse na zona oeste da cidade. Dali, os participantes seguem pelas avenidas Alagoas, Frei Benjamin e Brumado, at\u00e9 chegar ao Centro Glauber Rocha \u2013 Educa\u00e7\u00e3o e Cultura, onde ser\u00e3o montadas apresenta\u00e7\u00f5es culturais.<!--more--><\/p>\n<p style=\"text-align: justify;\">A parada ser\u00e1 o momento mais festivo da celebra\u00e7\u00e3o. Mas, antes disso, ser\u00e1 promovido o Semin\u00e1rio \u201cOrgulho de Ser LGBT\u201d, cujos dois dias de dura\u00e7\u00e3o ser\u00e3o destinados a discuss\u00f5es sobre as conquistas dos movimentos sociais com rela\u00e7\u00e3o a direitos humanos, sa\u00fade, seguran\u00e7a, cultura, acesso \u00e0 educa\u00e7\u00e3o e ao mercado de trabalho pela popula\u00e7\u00e3o LGBT. abertura do semin\u00e1rio ser\u00e1 no dia 17, \u00e0s 19h, na Casa Memorial R\u00e9gis Pacheco.<\/p>\n<p style=\"text-align: justify;\">Saiba mais: <a href=\"http:\/\/www.pmvc.ba.gov.br\/parada-do-orgulho-de-ser-lgbt-acontece-no-dia-19\/\">http:\/\/www.pmvc.ba.gov.br\/parada-do-orgulho-de-ser-lgbt-acontece-no-dia-19\/<\/a><\/p>\n","protected":false},"excerpt":{"rendered":"<p>Em 2017, Vit\u00f3ria da Conquista chega \u00e0 7\u00aa edi\u00e7\u00e3o da Parada do Orgulho de Ser LGBT, que, desta vez, traz o tema \u201cA luta contra a LGBTfobia \u00e9 sim a luta pela vida\u201d. A concentra\u00e7\u00e3o do evento est\u00e1 agendada para o domingo, 19, \u00e0s 13h, na Pra\u00e7a Nossa Senhora dos Verdes, situada no bairro Brasil. [&hellip;]<\/p>\n","protected":false},"author":3,"featured_media":10368,"comment_status":"open","ping_status":"open","sticky":false,"template":"","format":"standard","meta":[],"categories":[7,3],"tags":[],"_links":{"self":[{"href":"https:\/\/www.blogdomassinha.com.br\/v1\/wp-json\/wp\/v2\/posts\/10367"}],"collection":[{"href":"https:\/\/www.blogdomassinha.com.br\/v1\/wp-json\/wp\/v2\/posts"}],"about":[{"href":"https:\/\/www.blogdomassinha.com.br\/v1\/wp-json\/wp\/v2\/types\/post"}],"author":[{"embeddable":true,"href":"https:\/\/www.blogdomassinha.com.br\/v1\/wp-json\/wp\/v2\/users\/3"}],"replies":[{"embeddable":true,"href":"https:\/\/www.blogdomassinha.com.br\/v1\/wp-json\/wp\/v2\/comments?post=10367"}],"version-history":[{"count":1,"href":"https:\/\/www.blogdomassinha.com.br\/v1\/wp-json\/wp\/v2\/posts\/10367\/revisions"}],"predecessor-version":[{"id":10369,"href":"https:\/\/www.blogdomassinha.com.br\/v1\/wp-json\/wp\/v2\/posts\/10367\/revisions\/10369"}],"wp:featuredmedia":[{"embeddable":true,"href":"https:\/\/www.blogdomassinha.com.br\/v1\/wp-json\/wp\/v2\/media\/10368"}],"wp:attachment":[{"href":"https:\/\/www.blogdomassinha.com.br\/v1\/wp-json\/wp\/v2\/media?parent=10367"}],"wp:term":[{"taxonomy":"category","embeddable":true,"href":"https:\/\/www.blogdomassinha.com.br\/v1\/wp-json\/wp\/v2\/categories?post=10367"},{"taxonomy":"post_tag","embeddable":true,"href":"https:\/\/www.blogdomassinha.com.br\/v1\/wp-json\/wp\/v2\/tags?post=10367"}],"curies":[{"name":"wp","href":"https:\/\/api.w.org\/{rel}","templated":true}]}}