{"id":10364,"date":"2017-11-14T10:38:58","date_gmt":"2017-11-14T13:38:58","guid":{"rendered":"http:\/\/www.blogdomassinha.com.br\/v1\/?p=10364"},"modified":"2017-11-14T10:38:58","modified_gmt":"2017-11-14T13:38:58","slug":"salve-o-nilton","status":"publish","type":"post","link":"https:\/\/www.blogdomassinha.com.br\/v1\/2017\/11\/14\/salve-o-nilton\/","title":{"rendered":"Salve o Nilton!"},"content":{"rendered":"<p style=\"text-align: justify;\"><a href=\"http:\/\/www.blogdomassinha.com.br\/v1\/wp-content\/uploads\/2017\/11\/83038F8A-DCCF-477B-8935-0DD90A38E700.jpeg\" class=\"gallery_colorbox\"><img loading=\"lazy\" class=\"aligncenter wp-image-10365\" src=\"http:\/\/www.blogdomassinha.com.br\/v1\/wp-content\/uploads\/2017\/11\/83038F8A-DCCF-477B-8935-0DD90A38E700-1024x684.jpeg\"  alt=\"83038F8A-DCCF-477B-8935-0DD90A38E700\" width=\"400\" height=\"267\" srcset=\"https:\/\/www.blogdomassinha.com.br\/v1\/wp-content\/uploads\/2017\/11\/83038F8A-DCCF-477B-8935-0DD90A38E700.jpeg 1024w, https:\/\/www.blogdomassinha.com.br\/v1\/wp-content\/uploads\/2017\/11\/83038F8A-DCCF-477B-8935-0DD90A38E700-300x200.jpeg 300w\" sizes=\"(max-width: 400px) 100vw, 400px\" \/><\/a><\/p>\n<p style=\"text-align: justify;\">N\u00e3o pensem que a comunidade &#8220;jogou a toalha&#8221;, se entregou, calou-se. Ao contr\u00e1rio. Professores, alunos, pais e intelectuais se articulam para sensibilizar o governo do Estado no sentido de voltar atr\u00e1s e n\u00e3o permitir que feche definitivamente o Col\u00e9gio Nilton Gon\u00e7alves.<br \/>\n&#8220;\u00c9 uma perda irrepar\u00e1vel para a nossa juventude. Talvez um trator, apenas um, entregue recentemente \u00e0 popula\u00e7\u00e3o rural de Barra do Cho\u00e7a resolva o problema. Os equipamentos agr\u00edcolas entregues s\u00e3o necess\u00e1rios, mas falta sensibilidade aos autores com a educa\u00e7\u00e3o.<!--more--> A escola fechada poder\u00e1 servir aos filhos dos agricultores&#8221;, afirmam.<br \/>\nSALVE O NILTON foi o nome que deram ao movimento que ecoa pela cidade e espera que o governo do Estado volte atr\u00e1s. Ontem fui procurado para que a representa\u00e7\u00e3o se pronuncie no nosso programa Agito Geral, o que acontecer\u00e1 amanh\u00e3, quarta-feira, \u00e0s 18h.<\/p>\n","protected":false},"excerpt":{"rendered":"<p>N\u00e3o pensem que a comunidade &#8220;jogou a toalha&#8221;, se entregou, calou-se. Ao contr\u00e1rio. Professores, alunos, pais e intelectuais se articulam para sensibilizar o governo do Estado no sentido de voltar atr\u00e1s e n\u00e3o permitir que feche definitivamente o Col\u00e9gio Nilton Gon\u00e7alves. &#8220;\u00c9 uma perda irrepar\u00e1vel para a nossa juventude. Talvez um trator, apenas um, entregue [&hellip;]<\/p>\n","protected":false},"author":3,"featured_media":10365,"comment_status":"open","ping_status":"open","sticky":false,"template":"","format":"standard","meta":[],"categories":[7,1],"tags":[],"_links":{"self":[{"href":"https:\/\/www.blogdomassinha.com.br\/v1\/wp-json\/wp\/v2\/posts\/10364"}],"collection":[{"href":"https:\/\/www.blogdomassinha.com.br\/v1\/wp-json\/wp\/v2\/posts"}],"about":[{"href":"https:\/\/www.blogdomassinha.com.br\/v1\/wp-json\/wp\/v2\/types\/post"}],"author":[{"embeddable":true,"href":"https:\/\/www.blogdomassinha.com.br\/v1\/wp-json\/wp\/v2\/users\/3"}],"replies":[{"embeddable":true,"href":"https:\/\/www.blogdomassinha.com.br\/v1\/wp-json\/wp\/v2\/comments?post=10364"}],"version-history":[{"count":1,"href":"https:\/\/www.blogdomassinha.com.br\/v1\/wp-json\/wp\/v2\/posts\/10364\/revisions"}],"predecessor-version":[{"id":10366,"href":"https:\/\/www.blogdomassinha.com.br\/v1\/wp-json\/wp\/v2\/posts\/10364\/revisions\/10366"}],"wp:featuredmedia":[{"embeddable":true,"href":"https:\/\/www.blogdomassinha.com.br\/v1\/wp-json\/wp\/v2\/media\/10365"}],"wp:attachment":[{"href":"https:\/\/www.blogdomassinha.com.br\/v1\/wp-json\/wp\/v2\/media?parent=10364"}],"wp:term":[{"taxonomy":"category","embeddable":true,"href":"https:\/\/www.blogdomassinha.com.br\/v1\/wp-json\/wp\/v2\/categories?post=10364"},{"taxonomy":"post_tag","embeddable":true,"href":"https:\/\/www.blogdomassinha.com.br\/v1\/wp-json\/wp\/v2\/tags?post=10364"}],"curies":[{"name":"wp","href":"https:\/\/api.w.org\/{rel}","templated":true}]}}